{"id":10045,"date":"2026-03-23T23:34:13","date_gmt":"2026-03-23T23:34:13","guid":{"rendered":"https:\/\/www.agriculturayganaderia.com\/?p=10045"},"modified":"2026-03-23T23:34:15","modified_gmt":"2026-03-23T23:34:15","slug":"gobierno-evalua-aumento-en-el-precio-de-la-carne-bovina","status":"publish","type":"post","link":"https:\/\/www.agriculturayganaderia.com\/?p=10045","title":{"rendered":"Gobierno eval\u00faa aumento en el precio de la carne bovina"},"content":{"rendered":"\n<p><strong>* Gobierno analiza alza en precios de la carne bovina y avanza en medidas para proteger el abastecimiento y la econom\u00eda de<\/strong> <strong>los hogares colombianos<\/strong><\/p>\n\n\n\n<p><strong><em>Agricultura &amp; Ganader\u00eda<\/em><\/strong><\/p>\n\n\n\n<p>(Minagricultura \u2013 Lunes 23 de marzo de 2026).- El Ministerio de Agricultura y Desarrollo Rural realiza un seguimiento t\u00e9cnico permanente al comportamiento de los precios de los alimentos en el pa\u00eds, que le ha permitido identificar incrementos en el precio de la carne bovina durante el 2026.<\/p>\n\n\n\n<p>El an\u00e1lisis desarrollado por el Ministerio estableci\u00f3 que el incremento en el precio de la carne bovina responde principalmente al comportamiento del precio de ganado en pie en subastas, el cual registr\u00f3 una variaci\u00f3n anual de 14,59% a enero de 2026. Dado que este componente representa aproximadamente el 53% de los costos de producci\u00f3n, las presiones en el eslab\u00f3n primario se transmiten directamente al consumidor.<\/p>\n\n\n\n<p>Asimismo, se ha evidenciado un aumento en la participaci\u00f3n de hembras dentro del sacrificio total nacional, alcanzando el 40,9% en 2025, con alta concentraci\u00f3n en animales entre 2 y 5 a\u00f1os. Esta tendencia compromete la capacidad de reposici\u00f3n del hato y la producci\u00f3n futura de carne.<\/p>\n\n\n\n<p>En paralelo, las exportaciones de bovinos en pie representaron el 7,9% de la producci\u00f3n nacional en 2025, concentr\u00e1ndose en un 73% en machos entre 1 y 2 a\u00f1os, segmento estrat\u00e9gico para la ceba y el abastecimiento interno.<\/p>\n\n\n\n<p>En particular, el 39% de estos animales se destina a exportaci\u00f3n, reduciendo la disponibilidad para el mercado nacional. Adicionalmente, la tasa de extracci\u00f3n de machos en este rango de edad se ubic\u00f3 en 10,8% entre noviembre de 2024 y octubre de 2025, superando la capacidad natural de reposici\u00f3n del hato y generando un desbalance estructural en la oferta.<\/p>\n\n\n\n<p>Con el objetivo de adoptar soluciones coyunturales y estructurales que permitan contener presiones inflacionarias y proteger el abastecimiento interno, el Gobierno Nacional ha avanzado en di\u00e1logos con diferentes actores de la cadena y representantes del eslab\u00f3n de transformaci\u00f3n. C\u00f3mo resultado de estos procesos de di\u00e1logo el Ministerio de Agricultura y Desarrollo Rural est\u00e1 considerando adoptar una serie de medidas orientadas a:<\/p>\n\n\n\n<p>* Reducir el sacrificio de hembras en edad reproductiva, protegiendo la capacidad productiva del hato y evitando afectaciones estructurales en la oferta futura.<\/p>\n\n\n\n<p>* Fortalecer los sistemas de trazabilidad, con el prop\u00f3sito de contar con informaci\u00f3n en tiempo real sobre el sacrificio y la exportaci\u00f3n de ganado, mejorando la toma de decisiones.<\/p>\n\n\n\n<p>De igual manera, el Ministerio de Agricultura y Desarrollo Rural, est\u00e1 trabajando con las autoridades competentes para constatar la viabilidad de establecer un cupo m\u00e1ximo anual para la exportaci\u00f3n de bovinos macho entre 1 y 2 a\u00f1os, con el fin de equilibrar la tasa de extracci\u00f3n y fortalecer la oferta interna.<\/p>\n\n\n\n<p>El Gobierno Nacional reitera que no solo ha identificado estas din\u00e1micas, sino que ya se encuentra avanzando en la adopci\u00f3n de medidas concretas, construidas con el sector, para estabilizar los precios, proteger la producci\u00f3n nacional y garantizar la seguridad alimentaria de las y los colombianos.<\/p>\n","protected":false},"excerpt":{"rendered":"<p>* Gobierno analiza alza en precios de la carne bovina y avanza en medidas para proteger el abastecimiento y la econom\u00eda de los hogares colombianos Agricultura &amp; Ganader\u00eda (Minagricultura \u2013 Lunes 23 de marzo de 2026).- El Ministerio de Agricultura y Desarrollo Rural realiza un seguimiento t\u00e9cnico permanente al comportamiento de los precios de los [&hellip;]<\/p>\n","protected":false},"author":1,"featured_media":5964,"comment_status":"closed","ping_status":"closed","sticky":false,"template":"","format":"standard","meta":{"footnotes":""},"categories":[36],"tags":[],"class_list":{"0":"post-10045","1":"post","2":"type-post","3":"status-publish","4":"format-standard","5":"has-post-thumbnail","6":"hentry","7":"category-ganaderia","9":"post-with-thumbnail","10":"post-with-thumbnail-large"},"featured_image_urls":{"full":["https:\/\/www.agriculturayganaderia.com\/wp-content\/uploads\/2025\/05\/3-Carne-corte-800.jpg",800,481,false],"thumbnail":["https:\/\/www.agriculturayganaderia.com\/wp-content\/uploads\/2025\/05\/3-Carne-corte-800-150x150.jpg",150,150,true],"medium":["https:\/\/www.agriculturayganaderia.com\/wp-content\/uploads\/2025\/05\/3-Carne-corte-800-300x180.jpg",300,180,true],"medium_large":["https:\/\/www.agriculturayganaderia.com\/wp-content\/uploads\/2025\/05\/3-Carne-corte-800-768x462.jpg",720,433,true],"large":["https:\/\/www.agriculturayganaderia.com\/wp-content\/uploads\/2025\/05\/3-Carne-corte-800.jpg",720,433,false],"1536x1536":["https:\/\/www.agriculturayganaderia.com\/wp-content\/uploads\/2025\/05\/3-Carne-corte-800.jpg",800,481,false],"2048x2048":["https:\/\/www.agriculturayganaderia.com\/wp-content\/uploads\/2025\/05\/3-Carne-corte-800.jpg",800,481,false],"post-thumbnail":["https:\/\/www.agriculturayganaderia.com\/wp-content\/uploads\/2025\/05\/3-Carne-corte-800-720x380.jpg",720,380,true],"vantage-thumbnail-no-sidebar":["https:\/\/www.agriculturayganaderia.com\/wp-content\/uploads\/2025\/05\/3-Carne-corte-800-800x380.jpg",800,380,true],"vantage-slide":["https:\/\/www.agriculturayganaderia.com\/wp-content\/uploads\/2025\/05\/3-Carne-corte-800.jpg",798,480,false],"vantage-carousel":["https:\/\/www.agriculturayganaderia.com\/wp-content\/uploads\/2025\/05\/3-Carne-corte-800-272x182.jpg",272,182,true],"vantage-grid-loop":["https:\/\/www.agriculturayganaderia.com\/wp-content\/uploads\/2025\/05\/3-Carne-corte-800-436x272.jpg",436,272,true]},"author_info":{"display_name":"Agricultura y Ganader\u00eda","author_link":"https:\/\/www.agriculturayganaderia.com\/?author=1"},"category_info":"<a href=\"https:\/\/www.agriculturayganaderia.com\/?cat=36\" rel=\"category\">GANADER\u00cdA<\/a>","tag_info":"GANADER\u00cdA","comment_count":"0","_links":{"self":[{"href":"https:\/\/www.agriculturayganaderia.com\/index.php?rest_route=\/wp\/v2\/posts\/10045","targetHints":{"allow":["GET"]}}],"collection":[{"href":"https:\/\/www.agriculturayganaderia.com\/index.php?rest_route=\/wp\/v2\/posts"}],"about":[{"href":"https:\/\/www.agriculturayganaderia.com\/index.php?rest_route=\/wp\/v2\/types\/post"}],"author":[{"embeddable":true,"href":"https:\/\/www.agriculturayganaderia.com\/index.php?rest_route=\/wp\/v2\/users\/1"}],"replies":[{"embeddable":true,"href":"https:\/\/www.agriculturayganaderia.com\/index.php?rest_route=%2Fwp%2Fv2%2Fcomments&post=10045"}],"version-history":[{"count":1,"href":"https:\/\/www.agriculturayganaderia.com\/index.php?rest_route=\/wp\/v2\/posts\/10045\/revisions"}],"predecessor-version":[{"id":10046,"href":"https:\/\/www.agriculturayganaderia.com\/index.php?rest_route=\/wp\/v2\/posts\/10045\/revisions\/10046"}],"wp:featuredmedia":[{"embeddable":true,"href":"https:\/\/www.agriculturayganaderia.com\/index.php?rest_route=\/wp\/v2\/media\/5964"}],"wp:attachment":[{"href":"https:\/\/www.agriculturayganaderia.com\/index.php?rest_route=%2Fwp%2Fv2%2Fmedia&parent=10045"}],"wp:term":[{"taxonomy":"category","embeddable":true,"href":"https:\/\/www.agriculturayganaderia.com\/index.php?rest_route=%2Fwp%2Fv2%2Fcategories&post=10045"},{"taxonomy":"post_tag","embeddable":true,"href":"https:\/\/www.agriculturayganaderia.com\/index.php?rest_route=%2Fwp%2Fv2%2Ftags&post=10045"}],"curies":[{"name":"wp","href":"https:\/\/api.w.org\/{rel}","templated":true}]}}