{"id":10449,"date":"2026-04-27T23:36:55","date_gmt":"2026-04-27T23:36:55","guid":{"rendered":"https:\/\/www.agriculturayganaderia.com\/?p=10449"},"modified":"2026-04-27T23:36:57","modified_gmt":"2026-04-27T23:36:57","slug":"banano-colombiano-rompe-record-en-produccion-y-exportaciones","status":"publish","type":"post","link":"https:\/\/www.agriculturayganaderia.com\/?p=10449","title":{"rendered":"Banano colombiano rompe r\u00e9cord en producci\u00f3n y exportaciones"},"content":{"rendered":"\n<p><strong>* La agroindustria bananera colombiana creci\u00f3 21,6% en productividad durante 2025, export\u00f3 2,5 millones de toneladas y proyecta nuevas estrategias de expansi\u00f3n internacional, recuperaci\u00f3n de zonas afectadas por el invierno y presencia en cinco ferias comerciales al a\u00f1o en mercados estrat\u00e9gicos.<\/strong><\/p>\n\n\n\n<p><strong><em>Agricultura &amp; Ganader\u00eda<\/em><\/strong><\/p>\n\n\n\n<p>(Augura \u2013 Lunes 27 de abril de 2026).- La Asociaci\u00f3n de Bananeros de Colombia (Augura), gremio nacional que representa a la agroindustria bananera del pa\u00eds, presenta los resultados de un a\u00f1o hist\u00f3rico para el sector: Colombia se posiciona como el tercer mayor exportador de banano de Am\u00e9rica Latina y el Caribe, con una productividad que alcanz\u00f3 2.516 cajas por hect\u00e1rea y un crecimiento del 21,6\u202f% respecto al a\u00f1o anterior.<\/p>\n\n\n\n<p>Durante 2025, el pa\u00eds export\u00f3 2,5 millones de toneladas de banano, equivalentes a 133 millones de cajas de 20 kilogramos, generando ingresos por 1.309 millones de d\u00f3lares. Estas cifras confirman la solidez de un sector que, m\u00e1s all\u00e1 de los resultados econ\u00f3micos, sostiene miles de empleos formales en las regiones productoras de Urab\u00e1, Magdalena, La Guajira y Cesar.<\/p>\n\n\n\n<p class=\"has-text-align-center\"><strong>Una agroindustria que mueve regiones enteras<\/strong><\/p>\n\n\n\n<p>La producci\u00f3n bananera colombiana se concentra en 52.943 hect\u00e1reas cultivadas, distribuidas principalmente entre la regi\u00f3n de Urab\u00e1, con 32.465 hect\u00e1reas y una producci\u00f3n de 82 millones de cajas, y la zona Caribe (Magdalena, La Guajira y Cesar), con 20.478 hect\u00e1reas y 51 millones de cajas exportadas.<\/p>\n\n\n\n<p>\u201cDetr\u00e1s de cada caja de banano que sale de Colombia hay familias, comunidades y territorios que dependen de la sostenibilidad de esta agroindustria. Nuestro compromiso no es solo producir m\u00e1s: es hacerlo mejor, con responsabilidad social, ambiental y econ\u00f3mica\u201d, afirma Emerson Aguirre Medina, presidente de Augura.<\/p>\n\n\n\n<p class=\"has-text-align-center\"><strong>Destinos de exportaci\u00f3n: Europa sigue siendo el mercado principal<\/strong><\/p>\n\n\n\n<p>El banano colombiano llega hoy a los principales mercados del mundo. La Uni\u00f3n Europea contin\u00faa siendo el destino predominante, concentrando el 65,8% de las exportaciones, seguida por Estados Unidos (17,3%), el Reino Unido (13,6%) y otros mercados del mundo (2,2%).<\/p>\n\n\n\n<p>Este escenario presenta tanto fortalezas como desaf\u00edos. Por un lado, la consolidaci\u00f3n europea demuestra la confianza del mercado m\u00e1s exigente del mundo en la calidad del banano colombiano. Por otro, impulsa al gremio a diversificar sus destinos para reducir dependencia y aprovechar oportunidades en mercados emergentes.<\/p>\n\n\n\n<p>Con un panorama favorable pero tambi\u00e9n retador, Augura presenta una hoja de ruta estrat\u00e9gica para el pr\u00f3ximo a\u00f1o, orientada a consolidar el crecimiento del sector y a fortalecer su sostenibilidad de largo plazo:<\/p>\n\n\n\n<p>* <strong>Recuperaci\u00f3n de zonas afectadas por el invierno:<\/strong> plan de trabajo conjunto con autoridades nacionales, regionales y productores para atender las hect\u00e1reas impactadas por las temporadas de lluvias, restablecer la productividad y proteger los ingresos de las familias bananeras.<\/p>\n\n\n\n<p>* <strong>Preservaci\u00f3n del empleo formal:<\/strong> compromiso con el sostenimiento de los miles de empleos directos e indirectos que genera la agroindustria en Urab\u00e1 y la zona caribe, una de las fuentes de trabajo formal m\u00e1s importantes del campo colombiano.<\/p>\n\n\n\n<p><strong>* Mejora continua de la productividad:<\/strong> impulso a la investigaci\u00f3n, la innovaci\u00f3n tecnol\u00f3gica y las buenas pr\u00e1cticas agr\u00edcolas, con la meta seguir consolidando una muy buena productividad tras el impacto por las lluvias e inundaciones en las \u200czonas de cultivo.<\/p>\n\n\n\n<p><strong>* Sostenibilidad ambiental y social:<\/strong> fortalecimiento de las estrategias de sanidad vegetal, manejo responsable del agua, reducci\u00f3n de la huella de carbono y desarrollo de programas sociales en las comunidades productoras.<\/p>\n\n\n\n<p class=\"has-text-align-center\"><strong>Un sector que trabaja unido<\/strong><\/p>\n\n\n\n<p>El gremio reafirma su papel como el gremio que articula los intereses de los productores de banano de Colombia frente a instituciones nacionales e internacionales, mercados y aliados estrat\u00e9gicos. La reci\u00e9n celebrada Asamblea General de Afiliados, que reuni\u00f3 a cerca de 150 asistentes, 22 patrocinadores y cinco conferencias de alto nivel, fue una muestra clara de la vitalidad y cohesi\u00f3n del sector.<\/p>\n\n\n\n<p>\u201cEl futuro del banano colombiano se construye con conocimiento, uni\u00f3n y visi\u00f3n de pa\u00eds. En la Asociaci\u00f3n seguiremos trabajando por un sector m\u00e1s competitivo, sostenible y conectado con los grandes retos globales de la agroindustria\u201d, concluye Aguirre Medina.<\/p>\n","protected":false},"excerpt":{"rendered":"<p>* La agroindustria bananera colombiana creci\u00f3 21,6% en productividad durante 2025, export\u00f3 2,5 millones de toneladas y proyecta nuevas estrategias de expansi\u00f3n internacional, recuperaci\u00f3n de zonas afectadas por el invierno y presencia en cinco ferias comerciales al a\u00f1o en mercados estrat\u00e9gicos. Agricultura &amp; Ganader\u00eda (Augura \u2013 Lunes 27 de abril de 2026).- La Asociaci\u00f3n de [&hellip;]<\/p>\n","protected":false},"author":1,"featured_media":10450,"comment_status":"closed","ping_status":"closed","sticky":false,"template":"","format":"standard","meta":{"footnotes":""},"categories":[31],"tags":[],"class_list":{"0":"post-10449","1":"post","2":"type-post","3":"status-publish","4":"format-standard","5":"has-post-thumbnail","6":"hentry","7":"category-agroindustria","9":"post-with-thumbnail","10":"post-with-thumbnail-large"},"featured_image_urls":{"full":["https:\/\/www.agriculturayganaderia.com\/wp-content\/uploads\/2026\/04\/27-Platano-con-trabajador-800.jpg",800,457,false],"thumbnail":["https:\/\/www.agriculturayganaderia.com\/wp-content\/uploads\/2026\/04\/27-Platano-con-trabajador-800-150x150.jpg",150,150,true],"medium":["https:\/\/www.agriculturayganaderia.com\/wp-content\/uploads\/2026\/04\/27-Platano-con-trabajador-800-300x171.jpg",300,171,true],"medium_large":["https:\/\/www.agriculturayganaderia.com\/wp-content\/uploads\/2026\/04\/27-Platano-con-trabajador-800-768x439.jpg",720,412,true],"large":["https:\/\/www.agriculturayganaderia.com\/wp-content\/uploads\/2026\/04\/27-Platano-con-trabajador-800.jpg",720,411,false],"1536x1536":["https:\/\/www.agriculturayganaderia.com\/wp-content\/uploads\/2026\/04\/27-Platano-con-trabajador-800.jpg",800,457,false],"2048x2048":["https:\/\/www.agriculturayganaderia.com\/wp-content\/uploads\/2026\/04\/27-Platano-con-trabajador-800.jpg",800,457,false],"post-thumbnail":["https:\/\/www.agriculturayganaderia.com\/wp-content\/uploads\/2026\/04\/27-Platano-con-trabajador-800-720x380.jpg",720,380,true],"vantage-thumbnail-no-sidebar":["https:\/\/www.agriculturayganaderia.com\/wp-content\/uploads\/2026\/04\/27-Platano-con-trabajador-800-800x380.jpg",800,380,true],"vantage-slide":["https:\/\/www.agriculturayganaderia.com\/wp-content\/uploads\/2026\/04\/27-Platano-con-trabajador-800.jpg",800,457,false],"vantage-carousel":["https:\/\/www.agriculturayganaderia.com\/wp-content\/uploads\/2026\/04\/27-Platano-con-trabajador-800-272x182.jpg",272,182,true],"vantage-grid-loop":["https:\/\/www.agriculturayganaderia.com\/wp-content\/uploads\/2026\/04\/27-Platano-con-trabajador-800-436x272.jpg",436,272,true]},"author_info":{"display_name":"Agricultura y Ganader\u00eda","author_link":"https:\/\/www.agriculturayganaderia.com\/?author=1"},"category_info":"<a href=\"https:\/\/www.agriculturayganaderia.com\/?cat=31\" rel=\"category\">AGROINDUSTRIA<\/a>","tag_info":"AGROINDUSTRIA","comment_count":"0","_links":{"self":[{"href":"https:\/\/www.agriculturayganaderia.com\/index.php?rest_route=\/wp\/v2\/posts\/10449","targetHints":{"allow":["GET"]}}],"collection":[{"href":"https:\/\/www.agriculturayganaderia.com\/index.php?rest_route=\/wp\/v2\/posts"}],"about":[{"href":"https:\/\/www.agriculturayganaderia.com\/index.php?rest_route=\/wp\/v2\/types\/post"}],"author":[{"embeddable":true,"href":"https:\/\/www.agriculturayganaderia.com\/index.php?rest_route=\/wp\/v2\/users\/1"}],"replies":[{"embeddable":true,"href":"https:\/\/www.agriculturayganaderia.com\/index.php?rest_route=%2Fwp%2Fv2%2Fcomments&post=10449"}],"version-history":[{"count":1,"href":"https:\/\/www.agriculturayganaderia.com\/index.php?rest_route=\/wp\/v2\/posts\/10449\/revisions"}],"predecessor-version":[{"id":10451,"href":"https:\/\/www.agriculturayganaderia.com\/index.php?rest_route=\/wp\/v2\/posts\/10449\/revisions\/10451"}],"wp:featuredmedia":[{"embeddable":true,"href":"https:\/\/www.agriculturayganaderia.com\/index.php?rest_route=\/wp\/v2\/media\/10450"}],"wp:attachment":[{"href":"https:\/\/www.agriculturayganaderia.com\/index.php?rest_route=%2Fwp%2Fv2%2Fmedia&parent=10449"}],"wp:term":[{"taxonomy":"category","embeddable":true,"href":"https:\/\/www.agriculturayganaderia.com\/index.php?rest_route=%2Fwp%2Fv2%2Fcategories&post=10449"},{"taxonomy":"post_tag","embeddable":true,"href":"https:\/\/www.agriculturayganaderia.com\/index.php?rest_route=%2Fwp%2Fv2%2Ftags&post=10449"}],"curies":[{"name":"wp","href":"https:\/\/api.w.org\/{rel}","templated":true}]}}