{"id":10473,"date":"2026-04-30T00:09:48","date_gmt":"2026-04-30T00:09:48","guid":{"rendered":"https:\/\/www.agriculturayganaderia.com\/?p=10473"},"modified":"2026-04-30T00:32:22","modified_gmt":"2026-04-30T00:32:22","slug":"clima-productividad-y-fertilizacion-en-el-sector-cafetero","status":"publish","type":"post","link":"https:\/\/www.agriculturayganaderia.com\/?p=10473","title":{"rendered":"Clima, productividad y fertilizaci\u00f3n en el sector cafetero"},"content":{"rendered":"\n<p><strong>* NOTA: Las opiniones expresadas en esta publicaci\u00f3n no necesariamente reflejan el pensamiento del peri\u00f3dico www.agriculturayganaderia.com y son responsabilidad exclusiva de quien las emite y\/o de su actor.<\/strong><\/p>\n\n\n\n<p><\/p>\n\n\n\n<figure class=\"wp-block-image size-full\"><img decoding=\"async\" width=\"150\" height=\"137\" src=\"https:\/\/www.agriculturayganaderia.com\/wp-content\/uploads\/2024\/12\/038-German-Bahamon-FNC-150x150-1.jpg\" alt=\"\" class=\"wp-image-3471\"\/><\/figure>\n\n\n\n<p><\/p>\n\n\n\n<p><strong>Por: German Baham\u00f3n Jaramillo * \/ Autor Invitado<\/strong><\/p>\n\n\n\n<p><strong><em>Agricultura &amp; Ganader\u00eda<\/em><\/strong><\/p>\n\n\n\n<p>(GBJ \u2013 Mi\u00e9rcoles 29 de abril de 2026).- Durante los \u00faltimos 7 a\u00f1os, los caficultores han realizado un esfuerzo significativo de ahorro, aportando 0,5 centavos de d\u00f3lar por libra exportada a una cuenta especial administrada por la Federaci\u00f3n. Estos recursos han venido consolid\u00e1ndose en el FEPC, creado mediante la Ley 1969 de 2019, con el objetivo de proteger el ingreso del productor.<\/p>\n\n\n\n<p>El contexto reciente ha sido particularmente desafiante. La caficultura ha enfrentado una combinaci\u00f3n de factores adversos: condiciones clim\u00e1ticas que han afectado la productividad, la ca\u00edda de la tasa representativa del mercado, la volatilidad de la cotizaci\u00f3n en la bolsa de Nueva York y, adicionalmente, presiones externas como las tensiones geopol\u00edticas entre Estados Unidos e Ir\u00e1n, junto con disrupciones log\u00edsticas en el Golfo de Ormuz, que han incrementado de manera sustancial el costo de los fertilizantes.<\/p>\n\n\n\n<p>Ante esta realidad, el Comit\u00e9 Nacional del FEPC ha aprobado la destinaci\u00f3n de $40 mil millones, correspondientes exclusivamente a los rendimientos financieros generados en 2025, sin afectar el capital acumulado del Fondo. Estos recursos se suman a los $10 mil millones asignados por el Ministerio de Agricultura a trav\u00e9s del programa FAIA Caf\u00e9, en una acci\u00f3n coordinada entre el Gobierno Nacional y el gremio cafetero.<\/p>\n\n\n\n<p>Esta decisi\u00f3n se fundamenta en un principio t\u00e9cnico claro: proteger el ingreso del caficultor implica, necesariamente, proteger su productividad. En ese sentido, el programa est\u00e1 orientado a facilitar el acceso a fertilizaci\u00f3n oportuna y adecuada, condici\u00f3n indispensable para sostener y mejorar los niveles productivos del parque cafetero, especialmente en la antesala de un posible fen\u00f3meno de El Ni\u00f1o.<\/p>\n\n\n\n<p>La medida representa un uso responsable, oportuno y coherente de los recursos del Fondo, alineado con su objeto legal. Asimismo, materializa un principio de equidad: los caficultores tienen derecho a beneficiarse de los ahorros que han construido colectivamente, particularmente en momentos en que las condiciones del mercado y de costos presionan de manera significativa sus ingresos.<\/p>\n\n\n\n<p>Seguiremos trabajando en la implementaci\u00f3n de instrumentos que fortalezcan la productividad, la resiliencia y la sostenibilidad de la caficultura colombiana.<\/p>\n\n\n\n<p><strong>* German Baham\u00f3n Jaramillo, Gerente general de la Federaci\u00f3n Nacional de Cafeteros de Colombia (FNC). @GermanBahamon @FedeCafeteros<\/strong><\/p>\n","protected":false},"excerpt":{"rendered":"<p>* NOTA: Las opiniones expresadas en esta publicaci\u00f3n no necesariamente reflejan el pensamiento del peri\u00f3dico www.agriculturayganaderia.com y son responsabilidad exclusiva de quien las emite y\/o de su actor. Por: German Baham\u00f3n Jaramillo * \/ Autor Invitado Agricultura &amp; Ganader\u00eda (GBJ \u2013 Mi\u00e9rcoles 29 de abril de 2026).- Durante los \u00faltimos 7 a\u00f1os, los caficultores han [&hellip;]<\/p>\n","protected":false},"author":1,"featured_media":1971,"comment_status":"closed","ping_status":"closed","sticky":false,"template":"","format":"standard","meta":{"footnotes":""},"categories":[54],"tags":[],"class_list":{"0":"post-10473","1":"post","2":"type-post","3":"status-publish","4":"format-standard","5":"has-post-thumbnail","6":"hentry","7":"category-opinion","9":"post-with-thumbnail","10":"post-with-thumbnail-large"},"featured_image_urls":{"full":["https:\/\/www.agriculturayganaderia.com\/wp-content\/uploads\/2024\/08\/033-cafetero-en-arbol-800.jpg",800,472,false],"thumbnail":["https:\/\/www.agriculturayganaderia.com\/wp-content\/uploads\/2024\/08\/033-cafetero-en-arbol-800-150x150.jpg",150,150,true],"medium":["https:\/\/www.agriculturayganaderia.com\/wp-content\/uploads\/2024\/08\/033-cafetero-en-arbol-800-300x177.jpg",300,177,true],"medium_large":["https:\/\/www.agriculturayganaderia.com\/wp-content\/uploads\/2024\/08\/033-cafetero-en-arbol-800-768x453.jpg",720,425,true],"large":["https:\/\/www.agriculturayganaderia.com\/wp-content\/uploads\/2024\/08\/033-cafetero-en-arbol-800.jpg",720,425,false],"1536x1536":["https:\/\/www.agriculturayganaderia.com\/wp-content\/uploads\/2024\/08\/033-cafetero-en-arbol-800.jpg",800,472,false],"2048x2048":["https:\/\/www.agriculturayganaderia.com\/wp-content\/uploads\/2024\/08\/033-cafetero-en-arbol-800.jpg",800,472,false],"post-thumbnail":["https:\/\/www.agriculturayganaderia.com\/wp-content\/uploads\/2024\/08\/033-cafetero-en-arbol-800-720x380.jpg",720,380,true],"vantage-thumbnail-no-sidebar":["https:\/\/www.agriculturayganaderia.com\/wp-content\/uploads\/2024\/08\/033-cafetero-en-arbol-800-800x380.jpg",800,380,true],"vantage-slide":["https:\/\/www.agriculturayganaderia.com\/wp-content\/uploads\/2024\/08\/033-cafetero-en-arbol-800.jpg",800,472,false],"vantage-carousel":["https:\/\/www.agriculturayganaderia.com\/wp-content\/uploads\/2024\/08\/033-cafetero-en-arbol-800-272x182.jpg",272,182,true],"vantage-grid-loop":["https:\/\/www.agriculturayganaderia.com\/wp-content\/uploads\/2024\/08\/033-cafetero-en-arbol-800-436x272.jpg",436,272,true]},"author_info":{"display_name":"Agricultura y Ganader\u00eda","author_link":"https:\/\/www.agriculturayganaderia.com\/?author=1"},"category_info":"<a href=\"https:\/\/www.agriculturayganaderia.com\/?cat=54\" rel=\"category\">OPINI\u00d3N<\/a>","tag_info":"OPINI\u00d3N","comment_count":"0","_links":{"self":[{"href":"https:\/\/www.agriculturayganaderia.com\/index.php?rest_route=\/wp\/v2\/posts\/10473","targetHints":{"allow":["GET"]}}],"collection":[{"href":"https:\/\/www.agriculturayganaderia.com\/index.php?rest_route=\/wp\/v2\/posts"}],"about":[{"href":"https:\/\/www.agriculturayganaderia.com\/index.php?rest_route=\/wp\/v2\/types\/post"}],"author":[{"embeddable":true,"href":"https:\/\/www.agriculturayganaderia.com\/index.php?rest_route=\/wp\/v2\/users\/1"}],"replies":[{"embeddable":true,"href":"https:\/\/www.agriculturayganaderia.com\/index.php?rest_route=%2Fwp%2Fv2%2Fcomments&post=10473"}],"version-history":[{"count":1,"href":"https:\/\/www.agriculturayganaderia.com\/index.php?rest_route=\/wp\/v2\/posts\/10473\/revisions"}],"predecessor-version":[{"id":10474,"href":"https:\/\/www.agriculturayganaderia.com\/index.php?rest_route=\/wp\/v2\/posts\/10473\/revisions\/10474"}],"wp:featuredmedia":[{"embeddable":true,"href":"https:\/\/www.agriculturayganaderia.com\/index.php?rest_route=\/wp\/v2\/media\/1971"}],"wp:attachment":[{"href":"https:\/\/www.agriculturayganaderia.com\/index.php?rest_route=%2Fwp%2Fv2%2Fmedia&parent=10473"}],"wp:term":[{"taxonomy":"category","embeddable":true,"href":"https:\/\/www.agriculturayganaderia.com\/index.php?rest_route=%2Fwp%2Fv2%2Fcategories&post=10473"},{"taxonomy":"post_tag","embeddable":true,"href":"https:\/\/www.agriculturayganaderia.com\/index.php?rest_route=%2Fwp%2Fv2%2Ftags&post=10473"}],"curies":[{"name":"wp","href":"https:\/\/api.w.org\/{rel}","templated":true}]}}