{"id":10481,"date":"2026-04-30T18:29:12","date_gmt":"2026-04-30T18:29:12","guid":{"rendered":"https:\/\/www.agriculturayganaderia.com\/?p=10481"},"modified":"2026-04-30T18:29:15","modified_gmt":"2026-04-30T18:29:15","slug":"el-lunes-comenzara-el-primer-ciclo-de-vacunacion-contra-aftosa-en-colombia","status":"publish","type":"post","link":"https:\/\/www.agriculturayganaderia.com\/?p=10481","title":{"rendered":"El lunes comenzar\u00e1 el primer ciclo de vacunaci\u00f3n contra aftosa en Colombia"},"content":{"rendered":"\n<p><strong>* Fedeg\u00e1n invita a los ganaderos de todo el pa\u00eds a prepararse para el primer ciclo de vacunaci\u00f3n de 2026 en el territorio nacional. Recomienda guardar el n\u00famero 323 40 69 290 en el celular para que, posteriormente, reciba la comunicaci\u00f3n del gremio y programe la visita virtualmente.<\/strong><\/p>\n\n\n\n<p><strong><em>Agricultura &amp; Ganader\u00eda<\/em><\/strong><\/p>\n\n\n\n<p>(Fedeg\u00e1n \u2013 Jueves 30 de abril de 2026).- Se acerca el comienzo del primer ciclo de vacunaci\u00f3n contra fiebre aftosa, brucelosis y rabia de origen silvestre en Colombia, una obligaci\u00f3n que deben ejercer 700.000 ganaderos a lo largo y ancho del territorio nacional.<\/p>\n\n\n\n<p>La Federaci\u00f3n Colombiana de Ganaderos (Fedeg\u00e1n) ha realizado los preparativos que incluyen la log\u00edstica de reunir y capacitar a cerca de 5000 personas entre los que se encuentran profesionales veterinarios, t\u00e9cnicos y vacunadores que estar\u00e1n presentes en el desarrollo de la correspondiente jornada de sanidad animal.<\/p>\n\n\n\n<p>El Instituto Colombiano Agropecuario (ICA) expidi\u00f3 recientemente la Resoluci\u00f3n 06630 del 15 de abril de 2026 que ordena la ejecuci\u00f3n del ciclo. Se extender\u00e1 desde el pr\u00f3ximo lunes 4 de mayo hasta el martes 23 de junio de este a\u00f1o.<\/p>\n\n\n\n<p>Ser\u00e1n 51 d\u00edas consecutivos, en los que Fedeg\u00e1n, a trav\u00e9s de 94 organizaciones ejecutoras ganaderas (OEGA), realizar\u00e1 la campa\u00f1a de inmunizaci\u00f3n.<\/p>\n\n\n\n<p class=\"has-text-align-center\"><strong>Un llamado a cumplir<\/strong><\/p>\n\n\n\n<p>\u201cHago un llamado a los 700.000 ganaderos de Colombia a cumplir con la obligaci\u00f3n de vacunar sus bovinos\u201d, manifest\u00f3 Jos\u00e9 F\u00e9lix Lafaurie Rivera, presidente ejecutivo de Fedeg\u00e1n.<\/p>\n\n\n\n<p>Reiter\u00f3 que la Organizaci\u00f3n Mundial de Sanidad Animal (OMSA), rectora mundial de la salud animal, otorg\u00f3 a Colombia el estatus de Libre de Fiebre Aftosa con Vacunaci\u00f3n en febrero de 2020, es decir, hace seis a\u00f1os.<\/p>\n\n\n\n<p>El l\u00edder gremial record\u00f3 que, \u201cal igual que el gremio c\u00fapula y el ICA, los ganaderos de todos los rincones del pa\u00eds tenemos dos compromisos: el primero es, contribuir en el control y prevenci\u00f3n de la fiebre aftosa y, el segundo, conservar el estatus sanitario del pa\u00eds\u201d.<\/p>\n\n\n\n<p class=\"has-text-align-center\"><strong>Alianza PPP<\/strong><\/p>\n\n\n\n<p>\u201cSe\u00f1or ganadero, su cita es con la sanidad animal de su predio y la del sector a nivel nacional\u201d, dijo Jos\u00e9 de Silvestri, gerente t\u00e9cnico de Fedeg\u00e1n.<\/p>\n\n\n\n<p>El l\u00edder de la campa\u00f1a sanitaria enfatiz\u00f3 que todo est\u00e1 listo para desarrollar el ciclo en alianza p\u00fablico-privada entre Fedeg\u00e1n-FNG y el ICA.<\/p>\n\n\n\n<p>\u201cEl gremio obrar\u00e1 bajo la respectiva vigilancia del ICA\u201d, recalc\u00f3 De Silvestri, quien destac\u00f3 que los vacunadores realizar\u00e1n su gesti\u00f3n con las debidas medidas de seguridad: portar\u00e1n su vestimenta que incluir\u00e1 botas, guantes, gafas y tapabocas.<\/p>\n\n\n\n<p class=\"has-text-align-center\"><strong>Programaci\u00f3n virtual<\/strong><\/p>\n\n\n\n<p>La programaci\u00f3n de la visita del vacunador a su predio ser\u00e1 un evento que el gremio realizar\u00e1 en mayor porcentaje de manera virtual a trav\u00e9s del <strong>WhatsApp de Fedeg\u00e1n: 323 406 9290<\/strong>.<\/p>\n\n\n\n<p>Para quienes no usen WhatsApp, tambi\u00e9n se ofrece la alternativa de programar la cita del vacunador mediante el n\u00famero \u00fanico de <strong>Fedeg\u00e1n, 601 9194900<\/strong>.<\/p>\n\n\n\n<p>\u201cRecomiendo a los productores guardar este n\u00famero en su celular y esperar la llamada o el mensaje de Fedeg\u00e1n-FNG\u201d, agreg\u00f3.<\/p>\n\n\n\n<p class=\"has-text-align-center\"><strong>Cuatro pasos sencillos<\/strong><\/p>\n\n\n\n<p>Al recibir el WhatsApp de Fedeg\u00e1n, el ganadero deber\u00e1 seguir estos 4 pasos:<\/p>\n\n\n\n<p><strong>1. Recibe el mensaje:<\/strong> Se\u00f1or ganadero, Fedeg\u00e1n-FNG le informa que en los pr\u00f3ximos d\u00edas se estar\u00e1 realizando la visita para la vacunaci\u00f3n en su predio. Por favor seleccione algunas de las siguientes opciones:<\/p>\n\n\n\n<p>\u2022&nbsp;&nbsp;&nbsp;&nbsp;&nbsp;&nbsp;&nbsp; Recibir programaci\u00f3n<\/p>\n\n\n\n<p>\u2022&nbsp;&nbsp;&nbsp;&nbsp;&nbsp;&nbsp;&nbsp; No es para m\u00ed<\/p>\n\n\n\n<p><strong>2. Elige opci\u00f3n:<\/strong> Recibir programaci\u00f3n.<\/p>\n\n\n\n<p><strong>3. Recibir\u00e1 enseguida la fecha<\/strong> de vacunaci\u00f3n con sus datos correspondientes.<\/p>\n\n\n\n<p><strong>4. Archivo en formato PDF:<\/strong> incluye datos de la visita y las instrucciones de diligenciamiento que debe seguir con los formatos oficiales, es decir, el acta de Predio Vacunado (PVPP) o el acta de Predio No Vacunado (APNV).<\/p>\n\n\n\n<p>Importante que al recibir la llamada a trav\u00e9s de la l\u00ednea 601 9194900 los productores sigan 3 pasos: conteste la llamada; oprima la tecla 1 que confirma la cita; y recibir\u00e1 un correo electr\u00f3nico con la fecha de la visita del vacunador.<\/p>\n\n\n\n<p>\u201cLa invitaci\u00f3n a los productores ganaderos a estar atentos. La sanidad es fundamental para que su hato bovino se desarrolle de manera natural y sea pr\u00f3spero econ\u00f3micamente\u201d, puntualiz\u00f3 Jos\u00e9 De Silvestri.<\/p>\n","protected":false},"excerpt":{"rendered":"<p>* Fedeg\u00e1n invita a los ganaderos de todo el pa\u00eds a prepararse para el primer ciclo de vacunaci\u00f3n de 2026 en el territorio nacional. Recomienda guardar el n\u00famero 323 40 69 290 en el celular para que, posteriormente, reciba la comunicaci\u00f3n del gremio y programe la visita virtualmente. Agricultura &amp; Ganader\u00eda (Fedeg\u00e1n \u2013 Jueves 30 [&hellip;]<\/p>\n","protected":false},"author":1,"featured_media":10482,"comment_status":"closed","ping_status":"closed","sticky":false,"template":"","format":"standard","meta":{"footnotes":""},"categories":[36],"tags":[],"class_list":{"0":"post-10481","1":"post","2":"type-post","3":"status-publish","4":"format-standard","5":"has-post-thumbnail","6":"hentry","7":"category-ganaderia","9":"post-with-thumbnail","10":"post-with-thumbnail-large"},"featured_image_urls":{"full":["https:\/\/www.agriculturayganaderia.com\/wp-content\/uploads\/2026\/04\/30-Vacunacion-aftosa-800.jpg",800,449,false],"thumbnail":["https:\/\/www.agriculturayganaderia.com\/wp-content\/uploads\/2026\/04\/30-Vacunacion-aftosa-800-150x150.jpg",150,150,true],"medium":["https:\/\/www.agriculturayganaderia.com\/wp-content\/uploads\/2026\/04\/30-Vacunacion-aftosa-800-300x168.jpg",300,168,true],"medium_large":["https:\/\/www.agriculturayganaderia.com\/wp-content\/uploads\/2026\/04\/30-Vacunacion-aftosa-800-768x431.jpg",720,404,true],"large":["https:\/\/www.agriculturayganaderia.com\/wp-content\/uploads\/2026\/04\/30-Vacunacion-aftosa-800.jpg",720,404,false],"1536x1536":["https:\/\/www.agriculturayganaderia.com\/wp-content\/uploads\/2026\/04\/30-Vacunacion-aftosa-800.jpg",800,449,false],"2048x2048":["https:\/\/www.agriculturayganaderia.com\/wp-content\/uploads\/2026\/04\/30-Vacunacion-aftosa-800.jpg",800,449,false],"post-thumbnail":["https:\/\/www.agriculturayganaderia.com\/wp-content\/uploads\/2026\/04\/30-Vacunacion-aftosa-800-720x380.jpg",720,380,true],"vantage-thumbnail-no-sidebar":["https:\/\/www.agriculturayganaderia.com\/wp-content\/uploads\/2026\/04\/30-Vacunacion-aftosa-800-800x380.jpg",800,380,true],"vantage-slide":["https:\/\/www.agriculturayganaderia.com\/wp-content\/uploads\/2026\/04\/30-Vacunacion-aftosa-800.jpg",800,449,false],"vantage-carousel":["https:\/\/www.agriculturayganaderia.com\/wp-content\/uploads\/2026\/04\/30-Vacunacion-aftosa-800-272x182.jpg",272,182,true],"vantage-grid-loop":["https:\/\/www.agriculturayganaderia.com\/wp-content\/uploads\/2026\/04\/30-Vacunacion-aftosa-800-436x272.jpg",436,272,true]},"author_info":{"display_name":"Agricultura y Ganader\u00eda","author_link":"https:\/\/www.agriculturayganaderia.com\/?author=1"},"category_info":"<a href=\"https:\/\/www.agriculturayganaderia.com\/?cat=36\" rel=\"category\">GANADER\u00cdA<\/a>","tag_info":"GANADER\u00cdA","comment_count":"0","_links":{"self":[{"href":"https:\/\/www.agriculturayganaderia.com\/index.php?rest_route=\/wp\/v2\/posts\/10481","targetHints":{"allow":["GET"]}}],"collection":[{"href":"https:\/\/www.agriculturayganaderia.com\/index.php?rest_route=\/wp\/v2\/posts"}],"about":[{"href":"https:\/\/www.agriculturayganaderia.com\/index.php?rest_route=\/wp\/v2\/types\/post"}],"author":[{"embeddable":true,"href":"https:\/\/www.agriculturayganaderia.com\/index.php?rest_route=\/wp\/v2\/users\/1"}],"replies":[{"embeddable":true,"href":"https:\/\/www.agriculturayganaderia.com\/index.php?rest_route=%2Fwp%2Fv2%2Fcomments&post=10481"}],"version-history":[{"count":1,"href":"https:\/\/www.agriculturayganaderia.com\/index.php?rest_route=\/wp\/v2\/posts\/10481\/revisions"}],"predecessor-version":[{"id":10483,"href":"https:\/\/www.agriculturayganaderia.com\/index.php?rest_route=\/wp\/v2\/posts\/10481\/revisions\/10483"}],"wp:featuredmedia":[{"embeddable":true,"href":"https:\/\/www.agriculturayganaderia.com\/index.php?rest_route=\/wp\/v2\/media\/10482"}],"wp:attachment":[{"href":"https:\/\/www.agriculturayganaderia.com\/index.php?rest_route=%2Fwp%2Fv2%2Fmedia&parent=10481"}],"wp:term":[{"taxonomy":"category","embeddable":true,"href":"https:\/\/www.agriculturayganaderia.com\/index.php?rest_route=%2Fwp%2Fv2%2Fcategories&post=10481"},{"taxonomy":"post_tag","embeddable":true,"href":"https:\/\/www.agriculturayganaderia.com\/index.php?rest_route=%2Fwp%2Fv2%2Ftags&post=10481"}],"curies":[{"name":"wp","href":"https:\/\/api.w.org\/{rel}","templated":true}]}}