{"id":10492,"date":"2026-04-30T23:42:02","date_gmt":"2026-04-30T23:42:02","guid":{"rendered":"https:\/\/www.agriculturayganaderia.com\/?p=10492"},"modified":"2026-04-30T23:42:04","modified_gmt":"2026-04-30T23:42:04","slug":"jurisdiccion-agraria-sin-ley-populismo-juridico-a-30-dias-de-elecciones","status":"publish","type":"post","link":"https:\/\/www.agriculturayganaderia.com\/?p=10492","title":{"rendered":"Jurisdicci\u00f3n agraria sin ley: populismo jur\u00eddico a 30 d\u00edas de elecciones"},"content":{"rendered":"\n<p><strong>* NOTA: Las opiniones expresadas en esta publicaci\u00f3n no necesariamente reflejan el pensamiento del peri\u00f3dico www.agriculturayganaderia.com y son responsabilidad exclusiva de quien las emite y\/o de su actor.<\/strong><\/p>\n\n\n\n<p><\/p>\n\n\n\n<figure class=\"wp-block-image size-full\"><img decoding=\"async\" width=\"150\" height=\"132\" src=\"https:\/\/www.agriculturayganaderia.com\/wp-content\/uploads\/2024\/11\/065-MIGUEL-LACOUTURE-150.jpg\" alt=\"\" class=\"wp-image-3112\"\/><\/figure>\n\n\n\n<p><\/p>\n\n\n\n<p><strong>Por: Miguel \u00c1ngel Lacouture Ar\u00e9valo* \/ Autor Invitado<\/strong><\/p>\n\n\n\n<p><strong><em>Agricultura &amp; Ganader\u00eda<\/em><\/strong><\/p>\n\n\n\n<p>(MALA \u2013 Jueves 30 de 2026).- \u201cA semanas de elecciones, la apuesta por imponer una jurisdicci\u00f3n agraria sin reglas legales claras no corrige la deuda con el campo: la convierte en incertidumbre jur\u00eddica, riesgo productivo y tensi\u00f3n sobre el derecho de propiedad.\u201d<\/p>\n\n\n\n<p>A 30 d\u00edas de las elecciones, el gobierno de Gustavo Petro ha decidido cruzar una l\u00ednea peligrosa: <strong>sostener que la jurisdicci\u00f3n agraria puede operar sin una ley que defina su competencia y procedimiento.<\/strong> No es un debate t\u00e9cnico. Es la pretensi\u00f3n de imponer una jurisdicci\u00f3n de \u201cfacto\u201d al margen del dise\u00f1o constitucional.<\/p>\n\n\n\n<p>La Constituci\u00f3n no deja espacio a esa tesis. El art\u00edculo 29 exige juez natural: autoridad competente definida previamente por la ley. El art\u00edculo 150 (numerales 1 y 2) reserva al Congreso la expedici\u00f3n de c\u00f3digos y procedimientos judiciales. Y el art\u00edculo 116 permite jurisdicciones, pero no su funcionamiento sin desarrollo legal. La regla es clara: sin ley, no hay jurisdicci\u00f3n operativa.<\/p>\n\n\n\n<p>La Corte Constitucional de Colombia ha sido consistente en su reciente sentencia C-099 de abril de 2026, ha puesto el freno necesario a esta pretensi\u00f3n. El fallo es contundente: no puede haber activaci\u00f3n expr\u00e9s ni saltos al vac\u00edo. La Corte ha reafirmado que la competencia debe ser previa, expresa y cierta. Sin esa certeza, se rompe el debido proceso y cualquier decisi\u00f3n queda expuesta a la nulidad, reafirmando lo dicho en anteriores pronunciamientos jurisprudenciales (C-713 de 2008; C-372 de 2011).<\/p>\n\n\n\n<p><strong><em>Pero el Gobierno no est\u00e1 leyendo solo la Constituci\u00f3n. Est\u00e1 leyendo el calendario electoral.<\/em><\/strong><\/p>\n\n\n\n<p>En un pa\u00eds donde, seg\u00fan el IGAC, el 1% de los propietarios concentra cerca del 45% de la tierra rural, anunciar \u201cjusticia agraria ya\u201d tiene alto rendimiento pol\u00edtico. El problema es que esa narrativa se est\u00e1 construyendo sin soporte legal completo. Ah\u00ed aparece el riesgo real.<\/p>\n\n\n\n<p>Colombia no solo tiene un problema de tierra. Tiene un problema de producci\u00f3n. Seg\u00fan el DANE, el sector agropecuario representa cerca del 7% del PIB y es uno de los principales generadores de empleo rural. De acuerdo con Fedeg\u00e1n, la ganader\u00eda ocupa m\u00e1s de 38 millones de hect\u00e1reas y sostiene a cientos de miles de productores en todo el pa\u00eds.<\/p>\n\n\n\n<p><strong>Esto no es marginal. Es estructural.<\/strong><\/p>\n\n\n\n<p>Cuando se introduce incertidumbre jur\u00eddica sobre la tierra:<\/p>\n\n\n\n<p>1-Se frena la inversi\u00f3n<\/p>\n\n\n\n<p>2-Se restringe el cr\u00e9dito agropecuario<\/p>\n\n\n\n<p>3-Se desacelera la producci\u00f3n<\/p>\n\n\n\n<p><strong>Y en consecuencia:<\/strong><\/p>\n\n\n\n<p>A- Se compromete el abastecimiento. El efecto no es solo jur\u00eddico. Es econ\u00f3mico y social.<\/p>\n\n\n\n<p>B- La inseguridad jur\u00eddica en la tierra termina traduci\u00e9ndose en inseguridad alimentaria de la Naci\u00f3n. El Empresario del Campo (De cualquier tama\u00f1o), no invierte sobre reglas inciertas. Sin producci\u00f3n estable, no hay oferta suficiente ni precios sostenibles.<\/p>\n\n\n\n<p>Una jurisdicci\u00f3n agraria sin ley clara puede derivar en afectaciones indirectas al derecho de propiedad. No mediante expropiaci\u00f3n formal, sino a trav\u00e9s de decisiones judiciales dispares, criterios cambiantes y ampliaci\u00f3n discrecional del llamado \u201cenfoque agrario\u201d.<\/p>\n\n\n\n<p><strong>Eso tiene un nombre preciso: expropiaci\u00f3n indirecta por v\u00eda de inseguridad jur\u00eddica.<\/strong><\/p>\n\n\n\n<p>Y es exactamente el tipo de fen\u00f3meno que destruye confianza, inversi\u00f3n y estabilidad rural.<\/p>\n\n\n\n<p><strong>Las consecuencias jur\u00eddicas tambi\u00e9n son previsibles:<\/strong><\/p>\n\n\n\n<p><strong>1)&nbsp;&nbsp;&nbsp;&nbsp;&nbsp; Conflictos de competencia entre jueces<\/strong><\/p>\n\n\n\n<p><strong>2)&nbsp;&nbsp;&nbsp;&nbsp;&nbsp; Nulidades procesales<\/strong><\/p>\n\n\n\n<p><strong>3)&nbsp;&nbsp;&nbsp;&nbsp;&nbsp; Tutelas masivas por violaci\u00f3n del debido proceso<\/strong><\/p>\n\n\n\n<p><strong>Es decir: m\u00e1s congesti\u00f3n, m\u00e1s incertidumbre y menos justicia efectiva.<\/strong><\/p>\n\n\n\n<p>Colombia necesita una jurisdicci\u00f3n agraria. Pero no una que nazca como herramienta electoral ni como imposici\u00f3n de facto. La necesita construida conforme a la Constituci\u00f3n: con ley, con competencia definida y con procedimientos claros.<\/p>\n\n\n\n<p>Cuando la pol\u00edtica se adelanta al derecho, lo que sigue no es justicia. Es desorden.<\/p>\n\n\n\n<p><strong>En el campo colombiano, el desorden siempre termina afectando lo m\u00e1s b\u00e1sico:&nbsp; La Seguridad Alimentaria de la Naci\u00f3n, el plato de comida.<\/strong><\/p>\n\n\n\n<p><strong>Pd.:<\/strong> Las heridas que m\u00e1s demoran en cicatrizar son las que se causan los hermanos. Paren bolas a lo que estamos haciendo, despu\u00e9s no se quejen, con Cepeda vamos a extra\u00f1ar a Petro.<\/p>\n\n\n\n<p><strong>* Miguel \u00c1ngel Lacouture Ar\u00e9valo, Pr\u00e1ctico en Desarrollo Rural y Agropecuario. <em>@lacoutu<\/em><\/strong><\/p>\n","protected":false},"excerpt":{"rendered":"<p>* NOTA: Las opiniones expresadas en esta publicaci\u00f3n no necesariamente reflejan el pensamiento del peri\u00f3dico www.agriculturayganaderia.com y son responsabilidad exclusiva de quien las emite y\/o de su actor. Por: Miguel \u00c1ngel Lacouture Ar\u00e9valo* \/ Autor Invitado Agricultura &amp; Ganader\u00eda (MALA \u2013 Jueves 30 de 2026).- \u201cA semanas de elecciones, la apuesta por imponer una jurisdicci\u00f3n [&hellip;]<\/p>\n","protected":false},"author":1,"featured_media":8915,"comment_status":"closed","ping_status":"closed","sticky":false,"template":"","format":"standard","meta":{"footnotes":""},"categories":[54],"tags":[],"class_list":{"0":"post-10492","1":"post","2":"type-post","3":"status-publish","4":"format-standard","5":"has-post-thumbnail","6":"hentry","7":"category-opinion","9":"post-with-thumbnail","10":"post-with-thumbnail-large"},"featured_image_urls":{"full":["https:\/\/www.agriculturayganaderia.com\/wp-content\/uploads\/2025\/12\/0018-TIERRA-800.jpg",800,452,false],"thumbnail":["https:\/\/www.agriculturayganaderia.com\/wp-content\/uploads\/2025\/12\/0018-TIERRA-800-150x150.jpg",150,150,true],"medium":["https:\/\/www.agriculturayganaderia.com\/wp-content\/uploads\/2025\/12\/0018-TIERRA-800-300x170.jpg",300,170,true],"medium_large":["https:\/\/www.agriculturayganaderia.com\/wp-content\/uploads\/2025\/12\/0018-TIERRA-800-768x434.jpg",720,407,true],"large":["https:\/\/www.agriculturayganaderia.com\/wp-content\/uploads\/2025\/12\/0018-TIERRA-800.jpg",720,407,false],"1536x1536":["https:\/\/www.agriculturayganaderia.com\/wp-content\/uploads\/2025\/12\/0018-TIERRA-800.jpg",800,452,false],"2048x2048":["https:\/\/www.agriculturayganaderia.com\/wp-content\/uploads\/2025\/12\/0018-TIERRA-800.jpg",800,452,false],"post-thumbnail":["https:\/\/www.agriculturayganaderia.com\/wp-content\/uploads\/2025\/12\/0018-TIERRA-800-720x380.jpg",720,380,true],"vantage-thumbnail-no-sidebar":["https:\/\/www.agriculturayganaderia.com\/wp-content\/uploads\/2025\/12\/0018-TIERRA-800-800x380.jpg",800,380,true],"vantage-slide":["https:\/\/www.agriculturayganaderia.com\/wp-content\/uploads\/2025\/12\/0018-TIERRA-800.jpg",800,452,false],"vantage-carousel":["https:\/\/www.agriculturayganaderia.com\/wp-content\/uploads\/2025\/12\/0018-TIERRA-800-272x182.jpg",272,182,true],"vantage-grid-loop":["https:\/\/www.agriculturayganaderia.com\/wp-content\/uploads\/2025\/12\/0018-TIERRA-800-436x272.jpg",436,272,true]},"author_info":{"display_name":"Agricultura y Ganader\u00eda","author_link":"https:\/\/www.agriculturayganaderia.com\/?author=1"},"category_info":"<a href=\"https:\/\/www.agriculturayganaderia.com\/?cat=54\" rel=\"category\">OPINI\u00d3N<\/a>","tag_info":"OPINI\u00d3N","comment_count":"0","_links":{"self":[{"href":"https:\/\/www.agriculturayganaderia.com\/index.php?rest_route=\/wp\/v2\/posts\/10492","targetHints":{"allow":["GET"]}}],"collection":[{"href":"https:\/\/www.agriculturayganaderia.com\/index.php?rest_route=\/wp\/v2\/posts"}],"about":[{"href":"https:\/\/www.agriculturayganaderia.com\/index.php?rest_route=\/wp\/v2\/types\/post"}],"author":[{"embeddable":true,"href":"https:\/\/www.agriculturayganaderia.com\/index.php?rest_route=\/wp\/v2\/users\/1"}],"replies":[{"embeddable":true,"href":"https:\/\/www.agriculturayganaderia.com\/index.php?rest_route=%2Fwp%2Fv2%2Fcomments&post=10492"}],"version-history":[{"count":1,"href":"https:\/\/www.agriculturayganaderia.com\/index.php?rest_route=\/wp\/v2\/posts\/10492\/revisions"}],"predecessor-version":[{"id":10493,"href":"https:\/\/www.agriculturayganaderia.com\/index.php?rest_route=\/wp\/v2\/posts\/10492\/revisions\/10493"}],"wp:featuredmedia":[{"embeddable":true,"href":"https:\/\/www.agriculturayganaderia.com\/index.php?rest_route=\/wp\/v2\/media\/8915"}],"wp:attachment":[{"href":"https:\/\/www.agriculturayganaderia.com\/index.php?rest_route=%2Fwp%2Fv2%2Fmedia&parent=10492"}],"wp:term":[{"taxonomy":"category","embeddable":true,"href":"https:\/\/www.agriculturayganaderia.com\/index.php?rest_route=%2Fwp%2Fv2%2Fcategories&post=10492"},{"taxonomy":"post_tag","embeddable":true,"href":"https:\/\/www.agriculturayganaderia.com\/index.php?rest_route=%2Fwp%2Fv2%2Ftags&post=10492"}],"curies":[{"name":"wp","href":"https:\/\/api.w.org\/{rel}","templated":true}]}}