{"id":10495,"date":"2026-05-01T00:08:43","date_gmt":"2026-05-01T00:08:43","guid":{"rendered":"https:\/\/www.agriculturayganaderia.com\/?p=10495"},"modified":"2026-05-01T00:08:45","modified_gmt":"2026-05-01T00:08:45","slug":"21-vidas-perdidas-para-que","status":"publish","type":"post","link":"https:\/\/www.agriculturayganaderia.com\/?p=10495","title":{"rendered":"21 vidas perdidas\u2026 \u00bfpara qu\u00e9?"},"content":{"rendered":"\n<p><strong>* NOTA: Las opiniones expresadas en esta publicaci\u00f3n no necesariamente reflejan el pensamiento del peri\u00f3dico www.agriculturayganaderia.com y son responsabilidad exclusiva de quien las emite y\/o de su actor.<\/strong><\/p>\n\n\n\n<p><\/p>\n\n\n\n<figure class=\"wp-block-image size-full\"><img decoding=\"async\" width=\"150\" height=\"143\" src=\"https:\/\/www.agriculturayganaderia.com\/wp-content\/uploads\/2025\/03\/0064-Jose-Felix-Lafaurie-150.jpg\" alt=\"\" class=\"wp-image-4863\"\/><\/figure>\n\n\n\n<p><\/p>\n\n\n\n<p><strong>Por: Jos\u00e9 F\u00e9lix Lafaurie Rivera * \/ Autor Invitado<\/strong><\/p>\n\n\n\n<p><strong><em>Agricultura &amp; Ganader\u00eda<\/em><\/strong><\/p>\n\n\n\n<p>(JFLR \u2013 Jueves 30 de abril de 2026).- Teodomira, con sus 78 a\u00f1os, ten\u00eda derecho a vivir; Jos\u00e9 Edinson, con 26, ten\u00eda derecho a so\u00f1ar; Jarol, de 40, ten\u00eda derecho a ver crecer a sus hijos. Con ellos, 18 personas m\u00e1s perdieron la vida en una macabra acci\u00f3n terrorista de las disidencias de Iv\u00e1n Mordisco\u2026 \u00bfPara qu\u00e9?&nbsp;<\/p>\n\n\n\n<p>Para vengarse del Estado con un golpe que le doliera a la sociedad, no solo por la captura de sus cuatro hermanos, sino por la muerte de su compa\u00f1era y madre de su hijo en un operativo militar en Vaup\u00e9s a finales de marzo. Esa fue una primera hip\u00f3tesis de la inteligencia militar.<\/p>\n\n\n\n<p>Sin embargo, otro \u201cpara qu\u00e9\u201d tiene el presidente, quien ya con el sol a cuestas, arrecia su permanente y calumniosa intervenci\u00f3n en pol\u00edtica: Seg\u00fan \u00e9l, esas vidas se perdieron \u201cPara que gane la extrema derecha, por miedo, y usan su frente de narcotraficantes (\u2026) por eso no matan ya soldados, sino campesinos (\u2026) Nos quieren sabotear las elecciones\u201d.<\/p>\n\n\n\n<p>Ahora resulta que, mientras el presidente insiste en que no hay caos en la seguridad, en tres d\u00edas se cometen 31 ataques terroristas y en uno de ellos son asesinados 21 civiles; y semejante violencia es fruto de una conspiraci\u00f3n de la derecha con \u00a1las disidencias de las Farc! para sabotear las elecciones. Es el mundo al rev\u00e9s de las narrativas de la izquierda.&nbsp;&nbsp;<\/p>\n\n\n\n<p>Ahora resulta que las disidencias de las Farc se aliaron con la derecha que las persigui\u00f3 y que, de no ser por la traici\u00f3n de Santos, habr\u00eda acabado con la maldici\u00f3n del narcotr\u00e1fico y, con ella, por sustracci\u00f3n de recursos, con las Farc y sus disidencias\u2026 \u00bfo herederas?<\/p>\n\n\n\n<p>Ahora resulta que la derecha se ali\u00f3 con el EMC de Mordisco, que apoy\u00f3 la campa\u00f1a Petro en sus zonas de control y hoy ejerce presi\u00f3n en favor de la izquierda, como todos los grupos narcoterroristas. La reciente encuesta de INVAMER revela que el 73.8% de los encuestados percibe que la Fuerza P\u00fablica perdi\u00f3 control en los territorios, y el 58% considera que all\u00ed los grupos armados presionan el voto. \u00bfLo har\u00e1n en favor de la derecha, que los perseguir\u00e1, o de la izquierda, con la que podr\u00edan seguir jugando a la Paz Total?<\/p>\n\n\n\n<p>Pero si la inversi\u00f3n de la realidad y las falsas narrativas son formas de lucha que Petro conoce por su formaci\u00f3n comunista, lo es tambi\u00e9n la del \u201cenemigo externo\u201d para canalizar la \u201crabia ciudadana\u201d y ocultar al verdadero. Ahora resulta que el narcotr\u00e1fico y todas las rentas il\u00edcitas que mueven la violencia las maneja, desde Dub\u00e1i, una \u201cJunta del Narcotr\u00e1fico\u201d intangible, inatacable, que al parecer solo Petro conoce.<\/p>\n\n\n\n<p>21 vidas perdidas\u2026 \u00bfpara qu\u00e9? \u00bfAcaso para tapar la corrupci\u00f3n y los esc\u00e1ndalos de este gobierno agonizante? \u00bfAcaso para generar, con ayuda de quienes s\u00ed han sido sus aliados en el monte, un ambiente \u201cprerrevolucionario\u201d que tensione el debate electoral y justifique, inclusive, la suspensi\u00f3n de elecciones? \u00bfAcaso para imponer la Constituyente Popular que concentre el poder en el sucesor de Petro, con \u00e9l tras bambalinas?<\/p>\n\n\n\n<p>A esa Constituyente, convertida en consigna incendiaria de las manifestaciones que el mismo Petro est\u00e1 convocando para el 1\u00ba de Mayo, pretende incorporarle sus fracasos: la salud, las pensiones, el d\u00e9ficit, la Paz Total, etc., y tambi\u00e9n sus enemigos: el Banco de la Rep\u00fablica, el Consejo Nacional Electoral, la Registradur\u00eda, el empresariado, \u201cla derecha\u201d. \u00bfEstamos repitiendo el libreto de Venezuela 1999?<\/p>\n\n\n\n<p>Para todo eso le sirven a Petro esas 21 vidas perdidas. Por ellas y por los miles que se ha llevado la violencia narcotraficante\u2026; por la libertad, el orden y la democracia\u2026, Colombia debe despertar el 31 de mayo.<\/p>\n\n\n\n<p><strong>* Jos\u00e9 F\u00e9lix Lafaurie Rivera, presidente de la Federaci\u00f3n Colombiana de Ganaderos (Fedeg\u00e1n). <em>@jflafaurie<\/em><\/strong><\/p>\n","protected":false},"excerpt":{"rendered":"<p>* NOTA: Las opiniones expresadas en esta publicaci\u00f3n no necesariamente reflejan el pensamiento del peri\u00f3dico www.agriculturayganaderia.com y son responsabilidad exclusiva de quien las emite y\/o de su actor. Por: Jos\u00e9 F\u00e9lix Lafaurie Rivera * \/ Autor Invitado Agricultura &amp; Ganader\u00eda (JFLR \u2013 Jueves 30 de abril de 2026).- Teodomira, con sus 78 a\u00f1os, ten\u00eda derecho [&hellip;]<\/p>\n","protected":false},"author":1,"featured_media":8069,"comment_status":"closed","ping_status":"closed","sticky":false,"template":"","format":"standard","meta":{"footnotes":""},"categories":[54],"tags":[],"class_list":{"0":"post-10495","1":"post","2":"type-post","3":"status-publish","4":"format-standard","5":"has-post-thumbnail","6":"hentry","7":"category-opinion","9":"post-with-thumbnail","10":"post-with-thumbnail-large"},"featured_image_urls":{"full":["https:\/\/www.agriculturayganaderia.com\/wp-content\/uploads\/2025\/10\/26-GUSTAVO-PETRO-800.jpg",800,478,false],"thumbnail":["https:\/\/www.agriculturayganaderia.com\/wp-content\/uploads\/2025\/10\/26-GUSTAVO-PETRO-800-150x150.jpg",150,150,true],"medium":["https:\/\/www.agriculturayganaderia.com\/wp-content\/uploads\/2025\/10\/26-GUSTAVO-PETRO-800-300x179.jpg",300,179,true],"medium_large":["https:\/\/www.agriculturayganaderia.com\/wp-content\/uploads\/2025\/10\/26-GUSTAVO-PETRO-800-768x459.jpg",720,430,true],"large":["https:\/\/www.agriculturayganaderia.com\/wp-content\/uploads\/2025\/10\/26-GUSTAVO-PETRO-800.jpg",720,430,false],"1536x1536":["https:\/\/www.agriculturayganaderia.com\/wp-content\/uploads\/2025\/10\/26-GUSTAVO-PETRO-800.jpg",800,478,false],"2048x2048":["https:\/\/www.agriculturayganaderia.com\/wp-content\/uploads\/2025\/10\/26-GUSTAVO-PETRO-800.jpg",800,478,false],"post-thumbnail":["https:\/\/www.agriculturayganaderia.com\/wp-content\/uploads\/2025\/10\/26-GUSTAVO-PETRO-800-720x380.jpg",720,380,true],"vantage-thumbnail-no-sidebar":["https:\/\/www.agriculturayganaderia.com\/wp-content\/uploads\/2025\/10\/26-GUSTAVO-PETRO-800-800x380.jpg",800,380,true],"vantage-slide":["https:\/\/www.agriculturayganaderia.com\/wp-content\/uploads\/2025\/10\/26-GUSTAVO-PETRO-800.jpg",800,478,false],"vantage-carousel":["https:\/\/www.agriculturayganaderia.com\/wp-content\/uploads\/2025\/10\/26-GUSTAVO-PETRO-800-272x182.jpg",272,182,true],"vantage-grid-loop":["https:\/\/www.agriculturayganaderia.com\/wp-content\/uploads\/2025\/10\/26-GUSTAVO-PETRO-800-436x272.jpg",436,272,true]},"author_info":{"display_name":"Agricultura y Ganader\u00eda","author_link":"https:\/\/www.agriculturayganaderia.com\/?author=1"},"category_info":"<a href=\"https:\/\/www.agriculturayganaderia.com\/?cat=54\" rel=\"category\">OPINI\u00d3N<\/a>","tag_info":"OPINI\u00d3N","comment_count":"0","_links":{"self":[{"href":"https:\/\/www.agriculturayganaderia.com\/index.php?rest_route=\/wp\/v2\/posts\/10495","targetHints":{"allow":["GET"]}}],"collection":[{"href":"https:\/\/www.agriculturayganaderia.com\/index.php?rest_route=\/wp\/v2\/posts"}],"about":[{"href":"https:\/\/www.agriculturayganaderia.com\/index.php?rest_route=\/wp\/v2\/types\/post"}],"author":[{"embeddable":true,"href":"https:\/\/www.agriculturayganaderia.com\/index.php?rest_route=\/wp\/v2\/users\/1"}],"replies":[{"embeddable":true,"href":"https:\/\/www.agriculturayganaderia.com\/index.php?rest_route=%2Fwp%2Fv2%2Fcomments&post=10495"}],"version-history":[{"count":1,"href":"https:\/\/www.agriculturayganaderia.com\/index.php?rest_route=\/wp\/v2\/posts\/10495\/revisions"}],"predecessor-version":[{"id":10496,"href":"https:\/\/www.agriculturayganaderia.com\/index.php?rest_route=\/wp\/v2\/posts\/10495\/revisions\/10496"}],"wp:featuredmedia":[{"embeddable":true,"href":"https:\/\/www.agriculturayganaderia.com\/index.php?rest_route=\/wp\/v2\/media\/8069"}],"wp:attachment":[{"href":"https:\/\/www.agriculturayganaderia.com\/index.php?rest_route=%2Fwp%2Fv2%2Fmedia&parent=10495"}],"wp:term":[{"taxonomy":"category","embeddable":true,"href":"https:\/\/www.agriculturayganaderia.com\/index.php?rest_route=%2Fwp%2Fv2%2Fcategories&post=10495"},{"taxonomy":"post_tag","embeddable":true,"href":"https:\/\/www.agriculturayganaderia.com\/index.php?rest_route=%2Fwp%2Fv2%2Ftags&post=10495"}],"curies":[{"name":"wp","href":"https:\/\/api.w.org\/{rel}","templated":true}]}}