{"id":10498,"date":"2026-05-01T01:07:21","date_gmt":"2026-05-01T01:07:21","guid":{"rendered":"https:\/\/www.agriculturayganaderia.com\/?p=10498"},"modified":"2026-05-01T01:07:23","modified_gmt":"2026-05-01T01:07:23","slug":"confirman-millonaria-inversion-para-proteger-la-caficultura-ante-el-fenomeno-de-el-nino","status":"publish","type":"post","link":"https:\/\/www.agriculturayganaderia.com\/?p=10498","title":{"rendered":"Confirman millonaria inversi\u00f3n para proteger la caficultura ante el fen\u00f3meno de El Ni\u00f1o"},"content":{"rendered":"\n<p><strong>* El programa \u201cCosecha de Derechos Cafeteros &#8211; Fertilizaci\u00f3n para la vida\u201d proteger\u00e1 a la caficultura colombiana ante el fen\u00f3meno de El Ni\u00f1o, con apoyos directos de hasta $1,8 millones por productor.<\/strong><\/p>\n\n\n\n<p><strong>* Los recursos provenientes del Fondo de Estabilizaci\u00f3n de Precios del Caf\u00e9 y del programa FAIA, permitir\u00e1n el incremento potencial del 42% en productividad gracias a la fertilizaci\u00f3n adecuada, clave para la resiliencia clim\u00e1tica y econ\u00f3mica del sector.<\/strong><\/p>\n\n\n\n<p><strong><em>Agricultura &amp; Ganader\u00eda<\/em><\/strong><\/p>\n\n\n\n<p>(Minagricultura \u2013 Jueves 30 de abril de 2026).- El Comit\u00e9 Nacional de Cafeteros aprob\u00f3 por unanimidad la propuesta presentada por el Ministerio de Agricultura y Desarrollo Rural para implementar el programa \u201cCosecha de Derechos Cafeteros &#8211; Fertilizaci\u00f3n para la Vida\u201d en la que se invertir\u00e1n cerca de 52 mil millones de pesos para la protecci\u00f3n de la caficultura colombiana ante los choques clim\u00e1ticos, econ\u00f3micos y de mercado asociados al fen\u00f3meno de El Ni\u00f1o y la situaci\u00f3n global de fertilizantes. El programa constituye una de las apuestas m\u00e1s importantes del Gobierno Nacional en este 2026 para proteger el ingreso, la productividad y la estabilidad de cientos de miles de familias cafeteras.<\/p>\n\n\n\n<p>La ministra de Agricultura y Desarrollo Rural, Martha Carvajalino Villegas, destac\u00f3: \u201cNuestra caficultura es el motor de la econom\u00eda agropecuaria y por iniciativa del ministerio de Agricultura, desplegaremos un programa de prevenci\u00f3n y mitigaci\u00f3n, fortalecimiento de nuestras coberturas vegetales, fertilizaci\u00f3n nuestros cultivos y de esta manera, podamos garantizar que el caf\u00e9 de Colombia siga acompa\u00f1ando al mundo\u201d.<\/p>\n\n\n\n<p>Cabe aclarar que los recursos para el programa son aportados exclusivamente por el Fondo de Estabilizaci\u00f3n de Precios del Caf\u00e9 (FEPC) y por el programa FAIA Mitigaci\u00f3n 2026, del Ministerio de Agricultura y Desarrollo Rural.<\/p>\n\n\n\n<p>El Programa \u201cCosecha de Derechos Cafeteros &#8211; Fertilizaci\u00f3n para la Vida\u201d beneficiar\u00e1 hasta 108 mil productores cafeteros que recibir\u00e1n apoyos concretos y directos: hasta 40% de apoyo para fertilizaci\u00f3n en renovaci\u00f3n, hasta 30% para producci\u00f3n, un bono adicional del 5% para mujeres y j\u00f3venes y beneficios de hasta 1 mill\u00f3n 800 mil pesos por productor. Este programa tendr\u00e1 cobertura en 610 municipios cafeteros de 23 departamentos, impactando positivamente cultivos en renovaci\u00f3n y en etapa de producci\u00f3n.<\/p>\n\n\n\n<p>La implementaci\u00f3n del programa se basa en que la falta de fertilizaci\u00f3n adecuada puede reducir la productividad de los cultivos entre un 20% y un 46%, as\u00ed, una nutrici\u00f3n oportuna permite incrementar la producci\u00f3n de 12 a 17 cargas por hect\u00e1rea, lo que representa un aumento cercano al 42%. <\/p>\n\n\n\n<p>Garantizar una adecuada fertilizaci\u00f3n no solo protege la productividad cafetera, sino que tambi\u00e9n contribuye a preservar los ingresos de las familias rurales, fortalecer la estabilidad social y mejorar la capacidad de respuesta del sector frente a los efectos del cambio clim\u00e1tico, temas centrales en la pol\u00edtica agraria del gobierno del presidente Gustavo Petro.<\/p>\n\n\n\n<p>El Ministerio enfatiz\u00f3 que este programa no constituye un subsidio m\u00e1s, sino una estrategia de protecci\u00f3n anticipada del ingreso, fortalecimiento productivo y defensa estructural del campesinado, en el marco de la Revoluci\u00f3n Por la Vida en la que el MinAgricultura est\u00e1 empe\u00f1ado.<\/p>\n\n\n\n<p>Es importante se\u00f1alar que el 97% de los caficultores del pa\u00eds son peque\u00f1os productores y el 91% cultiva en menos de 3 hect\u00e1reas. Se trata de familias que sostienen buena parte de nuestra econom\u00eda rural, de la producci\u00f3n nacional y de la soberan\u00eda alimentaria. Por eso, proteger al caf\u00e9 no es solo respaldar un producto de exportaci\u00f3n, es defender el tejido social, el empleo rural, y la justicia social y econ\u00f3mica de las y los colombianos.<\/p>\n","protected":false},"excerpt":{"rendered":"<p>* El programa \u201cCosecha de Derechos Cafeteros &#8211; Fertilizaci\u00f3n para la vida\u201d proteger\u00e1 a la caficultura colombiana ante el fen\u00f3meno de El Ni\u00f1o, con apoyos directos de hasta $1,8 millones por productor. * Los recursos provenientes del Fondo de Estabilizaci\u00f3n de Precios del Caf\u00e9 y del programa FAIA, permitir\u00e1n el incremento potencial del 42% en [&hellip;]<\/p>\n","protected":false},"author":1,"featured_media":10500,"comment_status":"closed","ping_status":"closed","sticky":false,"template":"","format":"standard","meta":{"footnotes":""},"categories":[30],"tags":[],"class_list":{"0":"post-10498","1":"post","2":"type-post","3":"status-publish","4":"format-standard","5":"has-post-thumbnail","6":"hentry","7":"category-agricultura","9":"post-with-thumbnail","10":"post-with-thumbnail-large"},"featured_image_urls":{"full":["https:\/\/www.agriculturayganaderia.com\/wp-content\/uploads\/2026\/05\/30-Cafetero-recolector-800.jpg",799,455,false],"thumbnail":["https:\/\/www.agriculturayganaderia.com\/wp-content\/uploads\/2026\/05\/30-Cafetero-recolector-800-150x150.jpg",150,150,true],"medium":["https:\/\/www.agriculturayganaderia.com\/wp-content\/uploads\/2026\/05\/30-Cafetero-recolector-800-300x171.jpg",300,171,true],"medium_large":["https:\/\/www.agriculturayganaderia.com\/wp-content\/uploads\/2026\/05\/30-Cafetero-recolector-800-768x437.jpg",720,410,true],"large":["https:\/\/www.agriculturayganaderia.com\/wp-content\/uploads\/2026\/05\/30-Cafetero-recolector-800.jpg",720,410,false],"1536x1536":["https:\/\/www.agriculturayganaderia.com\/wp-content\/uploads\/2026\/05\/30-Cafetero-recolector-800.jpg",799,455,false],"2048x2048":["https:\/\/www.agriculturayganaderia.com\/wp-content\/uploads\/2026\/05\/30-Cafetero-recolector-800.jpg",799,455,false],"post-thumbnail":["https:\/\/www.agriculturayganaderia.com\/wp-content\/uploads\/2026\/05\/30-Cafetero-recolector-800-720x380.jpg",720,380,true],"vantage-thumbnail-no-sidebar":["https:\/\/www.agriculturayganaderia.com\/wp-content\/uploads\/2026\/05\/30-Cafetero-recolector-800-799x380.jpg",799,380,true],"vantage-slide":["https:\/\/www.agriculturayganaderia.com\/wp-content\/uploads\/2026\/05\/30-Cafetero-recolector-800.jpg",799,455,false],"vantage-carousel":["https:\/\/www.agriculturayganaderia.com\/wp-content\/uploads\/2026\/05\/30-Cafetero-recolector-800-272x182.jpg",272,182,true],"vantage-grid-loop":["https:\/\/www.agriculturayganaderia.com\/wp-content\/uploads\/2026\/05\/30-Cafetero-recolector-800-436x272.jpg",436,272,true]},"author_info":{"display_name":"Agricultura y Ganader\u00eda","author_link":"https:\/\/www.agriculturayganaderia.com\/?author=1"},"category_info":"<a href=\"https:\/\/www.agriculturayganaderia.com\/?cat=30\" rel=\"category\">AGRICULTURA<\/a>","tag_info":"AGRICULTURA","comment_count":"0","_links":{"self":[{"href":"https:\/\/www.agriculturayganaderia.com\/index.php?rest_route=\/wp\/v2\/posts\/10498","targetHints":{"allow":["GET"]}}],"collection":[{"href":"https:\/\/www.agriculturayganaderia.com\/index.php?rest_route=\/wp\/v2\/posts"}],"about":[{"href":"https:\/\/www.agriculturayganaderia.com\/index.php?rest_route=\/wp\/v2\/types\/post"}],"author":[{"embeddable":true,"href":"https:\/\/www.agriculturayganaderia.com\/index.php?rest_route=\/wp\/v2\/users\/1"}],"replies":[{"embeddable":true,"href":"https:\/\/www.agriculturayganaderia.com\/index.php?rest_route=%2Fwp%2Fv2%2Fcomments&post=10498"}],"version-history":[{"count":1,"href":"https:\/\/www.agriculturayganaderia.com\/index.php?rest_route=\/wp\/v2\/posts\/10498\/revisions"}],"predecessor-version":[{"id":10501,"href":"https:\/\/www.agriculturayganaderia.com\/index.php?rest_route=\/wp\/v2\/posts\/10498\/revisions\/10501"}],"wp:featuredmedia":[{"embeddable":true,"href":"https:\/\/www.agriculturayganaderia.com\/index.php?rest_route=\/wp\/v2\/media\/10500"}],"wp:attachment":[{"href":"https:\/\/www.agriculturayganaderia.com\/index.php?rest_route=%2Fwp%2Fv2%2Fmedia&parent=10498"}],"wp:term":[{"taxonomy":"category","embeddable":true,"href":"https:\/\/www.agriculturayganaderia.com\/index.php?rest_route=%2Fwp%2Fv2%2Fcategories&post=10498"},{"taxonomy":"post_tag","embeddable":true,"href":"https:\/\/www.agriculturayganaderia.com\/index.php?rest_route=%2Fwp%2Fv2%2Ftags&post=10498"}],"curies":[{"name":"wp","href":"https:\/\/api.w.org\/{rel}","templated":true}]}}