{"id":11683,"date":"2026-08-30T15:48:06","date_gmt":"2026-08-30T15:48:06","guid":{"rendered":"https:\/\/www.agriculturayganaderia.com\/?p=11683"},"modified":"2026-08-30T15:48:10","modified_gmt":"2026-08-30T15:48:10","slug":"minagricultura-anuncia-medidas-para-recuperar-la-rentabilidad-del-sector-arrocero","status":"publish","type":"post","link":"https:\/\/www.agriculturayganaderia.com\/?p=11683","title":{"rendered":"Minagricultura anuncia medidas para recuperar la rentabilidad del sector arrocero"},"content":{"rendered":"\n<p class=\"wp-block-paragraph\"><strong>* El representante del gobierno escuch\u00f3 a los productores de arroz del Caribe y les dijo: \u201cNo queremos un productor que sobreviva; queremos un productor que prospere. El arroz tiene futuro en Colombia\u201d.<\/strong><\/p>\n\n\n\n<p class=\"wp-block-paragraph\"><strong><em>Agricultura &amp; Ganader\u00eda<\/em><\/strong><\/p>\n\n\n\n<p class=\"wp-block-paragraph\">(Minagricultura \u2013 Domingo 30 de agosto de 2026).- El ministro de Agricultura y Desarrollo Rural, Indalecio Dangond Baquero, sostuvo un di\u00e1logo directo con peque\u00f1os y medianos productores de arroz del Caribe y de diferentes regiones del pa\u00eds, quienes expusieron las dificultades que hoy amenazan la rentabilidad y sostenibilidad de sus cultivos.<\/p>\n\n\n\n<p class=\"wp-block-paragraph\">Al encuentro asistieron productores y representantes de Fonseca, Valledupar, Aguachica, Fundaci\u00f3n, La Mojana, sur de Bol\u00edvar, Caucasia y C\u00facuta, quienes plantearon problemas relacionados con el acceso a semillas certificadas, disponibilidad de agua, costo de la tierra, altos costos de producci\u00f3n, acceso al cr\u00e9dito y condiciones de comercializaci\u00f3n.<\/p>\n\n\n\n<p class=\"wp-block-paragraph\">El ministro fue enf\u00e1tico en se\u00f1alar que el productor debe volver a estar en el centro de la pol\u00edtica arrocera.<\/p>\n\n\n\n<p class=\"wp-block-paragraph\">\u201cLos productores eligen a sus dirigentes gremiales para que defiendan sus derechos y trabajen por mejorar sus condiciones de producci\u00f3n. No podemos aceptar que mientras los patrimonios de algunos gremios crecen, el patrimonio de sus afiliados se destruye cosecha tras cosecha. Los arroceros necesitan una representaci\u00f3n que defienda sus intereses y que, adem\u00e1s, promueva sistemas modernos de producci\u00f3n para hacerlos m\u00e1s productivos, rentables y competitivos\u201d, afirm\u00f3 el ministro Dangond.<\/p>\n\n\n\n<p class=\"wp-block-paragraph\">Agreg\u00f3 que la responsabilidad del Gobierno es corregir esa falla y construir instrumentos que permitan que el productor gane dinero cultivando arroz, en lugar de asumir permanentemente las p\u00e9rdidas y los riesgos de la actividad.<\/p>\n\n\n\n<p class=\"wp-block-paragraph\">Como resultado del encuentro, el Ministerio defini\u00f3 cinco l\u00edneas inmediatas de trabajo para recuperar la rentabilidad del sector arrocero:<\/p>\n\n\n\n<p class=\"wp-block-paragraph\">* Planificar las siembras, de acuerdo con las necesidades del mercado y la disponibilidad de agua.<\/p>\n\n\n\n<p class=\"wp-block-paragraph\">* Promover la comercializaci\u00f3n anticipada de las cosechas, reduciendo la incertidumbre del productor.<\/p>\n\n\n\n<p class=\"wp-block-paragraph\">* Facilitar el acceso a financiaci\u00f3n en condiciones acordes con el ciclo productivo.<\/p>\n\n\n\n<p class=\"wp-block-paragraph\">* Revisar y reestructurar la cartera de los arroceros, para aliviar las presiones financieras sobre las familias productoras.<\/p>\n\n\n\n<p class=\"wp-block-paragraph\">* Impulsar buenas pr\u00e1cticas y sistemas modernos de producci\u00f3n, con tecnolog\u00eda, semillas de calidad, manejo eficiente del agua y reducci\u00f3n de costos.<\/p>\n\n\n\n<p class=\"wp-block-paragraph\">\u201cTenemos las tierras, tenemos agua en buena parte del territorio y tenemos productores que saben trabajar. Lo que nos ha faltado son mejores instrumentos, tecnolog\u00eda, planeaci\u00f3n y una verdadera defensa de los intereses del productor. Esa es la falla que como Ministerio estamos decididos a corregir\u201d, se\u00f1al\u00f3 el jefe de la cartera agropecuaria.<\/p>\n\n\n\n<p class=\"wp-block-paragraph\">El Ministerio de Agricultura trabajar\u00e1 directamente con los productores, las entidades del sector financiero y las organizaciones gremiales para construir una nueva pol\u00edtica arrocera basada en productividad, rentabilidad y competitividad, y no solamente en atender las crisis despu\u00e9s de que ocurren.<\/p>\n\n\n\n<p class=\"wp-block-paragraph\">\u201cNo queremos un productor que sobreviva; queremos un productor que prospere. El arroz tiene futuro en Colombia, pero ese futuro depende de producir mejor, vender mejor y financiar mejor\u201d, concluy\u00f3 el ministro.<\/p>\n\n\n\n<p class=\"wp-block-paragraph\">Detr\u00e1s de cada hect\u00e1rea sembrada hay una familia, una inversi\u00f3n y un proyecto de vida. El Gobierno Nacional est\u00e1 decidido a que trabajar la tierra vuelva a ser un negocio rentable y digno. Ese es el compromiso con nuestros arroceros y con el Campo Milagro.<\/p>\n","protected":false},"excerpt":{"rendered":"<p>* El representante del gobierno escuch\u00f3 a los productores de arroz del Caribe y les dijo: \u201cNo queremos un productor que sobreviva; queremos un productor que prospere. El arroz tiene futuro en Colombia\u201d. Agricultura &amp; Ganader\u00eda (Minagricultura \u2013 Domingo 30 de agosto de 2026).- El ministro de Agricultura y Desarrollo Rural, Indalecio Dangond Baquero, sostuvo [&hellip;]<\/p>\n","protected":false},"author":1,"featured_media":11684,"comment_status":"closed","ping_status":"closed","sticky":false,"template":"","format":"standard","meta":{"footnotes":""},"categories":[39],"tags":[],"class_list":["post-11683","post","type-post","status-publish","format-standard","has-post-thumbnail","hentry","category-panorama","post-with-thumbnail","post-with-thumbnail-large"],"featured_image_urls":{"full":["https:\/\/www.agriculturayganaderia.com\/wp-content\/uploads\/2026\/08\/30-Minagro-y-arroceros-800.jpg",800,451,false],"thumbnail":["https:\/\/www.agriculturayganaderia.com\/wp-content\/uploads\/2026\/08\/30-Minagro-y-arroceros-800-150x150.jpg",150,150,true],"medium":["https:\/\/www.agriculturayganaderia.com\/wp-content\/uploads\/2026\/08\/30-Minagro-y-arroceros-800-300x169.jpg",300,169,true],"medium_large":["https:\/\/www.agriculturayganaderia.com\/wp-content\/uploads\/2026\/08\/30-Minagro-y-arroceros-800-768x433.jpg",720,406,true],"large":["https:\/\/www.agriculturayganaderia.com\/wp-content\/uploads\/2026\/08\/30-Minagro-y-arroceros-800.jpg",720,406,false],"1536x1536":["https:\/\/www.agriculturayganaderia.com\/wp-content\/uploads\/2026\/08\/30-Minagro-y-arroceros-800.jpg",800,451,false],"2048x2048":["https:\/\/www.agriculturayganaderia.com\/wp-content\/uploads\/2026\/08\/30-Minagro-y-arroceros-800.jpg",800,451,false],"post-thumbnail":["https:\/\/www.agriculturayganaderia.com\/wp-content\/uploads\/2026\/08\/30-Minagro-y-arroceros-800-720x380.jpg",720,380,true],"vantage-thumbnail-no-sidebar":["https:\/\/www.agriculturayganaderia.com\/wp-content\/uploads\/2026\/08\/30-Minagro-y-arroceros-800-800x380.jpg",800,380,true],"vantage-slide":["https:\/\/www.agriculturayganaderia.com\/wp-content\/uploads\/2026\/08\/30-Minagro-y-arroceros-800.jpg",800,451,false],"vantage-carousel":["https:\/\/www.agriculturayganaderia.com\/wp-content\/uploads\/2026\/08\/30-Minagro-y-arroceros-800-272x182.jpg",272,182,true],"vantage-grid-loop":["https:\/\/www.agriculturayganaderia.com\/wp-content\/uploads\/2026\/08\/30-Minagro-y-arroceros-800-436x272.jpg",436,272,true]},"author_info":{"display_name":"Agricultura y Ganader\u00eda","author_link":"https:\/\/www.agriculturayganaderia.com\/?author=1"},"category_info":"<a href=\"https:\/\/www.agriculturayganaderia.com\/?cat=39\" rel=\"category\">PANORAMA<\/a>","tag_info":"PANORAMA","comment_count":"0","_links":{"self":[{"href":"https:\/\/www.agriculturayganaderia.com\/index.php?rest_route=\/wp\/v2\/posts\/11683","targetHints":{"allow":["GET"]}}],"collection":[{"href":"https:\/\/www.agriculturayganaderia.com\/index.php?rest_route=\/wp\/v2\/posts"}],"about":[{"href":"https:\/\/www.agriculturayganaderia.com\/index.php?rest_route=\/wp\/v2\/types\/post"}],"author":[{"embeddable":true,"href":"https:\/\/www.agriculturayganaderia.com\/index.php?rest_route=\/wp\/v2\/users\/1"}],"replies":[{"embeddable":true,"href":"https:\/\/www.agriculturayganaderia.com\/index.php?rest_route=%2Fwp%2Fv2%2Fcomments&post=11683"}],"version-history":[{"count":1,"href":"https:\/\/www.agriculturayganaderia.com\/index.php?rest_route=\/wp\/v2\/posts\/11683\/revisions"}],"predecessor-version":[{"id":11685,"href":"https:\/\/www.agriculturayganaderia.com\/index.php?rest_route=\/wp\/v2\/posts\/11683\/revisions\/11685"}],"wp:featuredmedia":[{"embeddable":true,"href":"https:\/\/www.agriculturayganaderia.com\/index.php?rest_route=\/wp\/v2\/media\/11684"}],"wp:attachment":[{"href":"https:\/\/www.agriculturayganaderia.com\/index.php?rest_route=%2Fwp%2Fv2%2Fmedia&parent=11683"}],"wp:term":[{"taxonomy":"category","embeddable":true,"href":"https:\/\/www.agriculturayganaderia.com\/index.php?rest_route=%2Fwp%2Fv2%2Fcategories&post=11683"},{"taxonomy":"post_tag","embeddable":true,"href":"https:\/\/www.agriculturayganaderia.com\/index.php?rest_route=%2Fwp%2Fv2%2Ftags&post=11683"}],"curies":[{"name":"wp","href":"https:\/\/api.w.org\/{rel}","templated":true}]}}