{"id":11725,"date":"2026-09-04T21:00:34","date_gmt":"2026-09-04T21:00:34","guid":{"rendered":"https:\/\/www.agriculturayganaderia.com\/?p=11725"},"modified":"2026-09-04T21:00:39","modified_gmt":"2026-09-04T21:00:39","slug":"precios-mayoristas-de-la-papa-en-la-central-de-abastos-de-bogota-544","status":"publish","type":"post","link":"https:\/\/www.agriculturayganaderia.com\/?p=11725","title":{"rendered":"Precios mayoristas de la papa en la central de abastos de Bogot\u00e1"},"content":{"rendered":"\n<p class=\"wp-block-paragraph\"><strong><em>Agricultura &amp; Ganader\u00eda<\/em><\/strong><\/p>\n\n\n\n<p class=\"wp-block-paragraph\">(DANE-SIPSA \u2013 Viernes 4 de septiembre de 2026).- Presentamos el reporte diario de precios mayoristas de la papa en la central de abastos de Bogot\u00e1, suministrados por el Sistema de Informaci\u00f3n de Precios del Sector Agropecuario (Sipsa).<\/p>\n\n\n\n<p class=\"wp-block-paragraph\"><strong><em>Advertimos<\/em><\/strong> que estos precios son de referencia porque var\u00edan de acuerdo con la oferta y la demanda, la calidad del producto y la regi\u00f3n donde se comercialicen.<\/p>\n\n\n\n<p class=\"has-text-align-center wp-block-paragraph\"><strong>PRECIOS DE LA PAPA EN $ COLOMBIANOS<\/strong><\/p>\n\n\n\n<p class=\"has-text-align-center wp-block-paragraph\"><strong>(Primera Calidad)<\/strong><\/p>\n\n\n\n<figure class=\"wp-block-embed is-type-video is-provider-youtube wp-block-embed-youtube wp-embed-aspect-9-16 wp-has-aspect-ratio\"><div class=\"wp-block-embed__wrapper\">\n<iframe title=\"PAPA: PRECIOS MAYORISTAS DE LA PAPA EN BOGOT\u00c1 - Viernes 4 de septiembre de 2026\" width=\"563\" height=\"1000\" src=\"https:\/\/www.youtube.com\/embed\/4lyn34KoVhM?feature=oembed\" frameborder=\"0\" allow=\"accelerometer; autoplay; clipboard-write; encrypted-media; gyroscope; picture-in-picture; web-share\" referrerpolicy=\"strict-origin-when-cross-origin\" allowfullscreen><\/iframe>\n<\/div><\/figure>\n","protected":false},"excerpt":{"rendered":"<p>Agricultura &amp; Ganader\u00eda (DANE-SIPSA \u2013 Viernes 4 de septiembre de 2026).- Presentamos el reporte diario de precios mayoristas de la papa en la central de abastos de Bogot\u00e1, suministrados por el Sistema de Informaci\u00f3n de Precios del Sector Agropecuario (Sipsa). Advertimos que estos precios son de referencia porque var\u00edan de acuerdo con la oferta y [&hellip;]<\/p>\n","protected":false},"author":1,"featured_media":1547,"comment_status":"closed","ping_status":"closed","sticky":false,"template":"","format":"standard","meta":{"footnotes":""},"categories":[38],"tags":[],"class_list":["post-11725","post","type-post","status-publish","format-standard","has-post-thumbnail","hentry","category-mercados","post-with-thumbnail","post-with-thumbnail-large"],"featured_image_urls":{"full":["https:\/\/www.agriculturayganaderia.com\/wp-content\/uploads\/2024\/08\/0005-PRECIOS-PAPA-800.jpg",800,450,false],"thumbnail":["https:\/\/www.agriculturayganaderia.com\/wp-content\/uploads\/2024\/08\/0005-PRECIOS-PAPA-800-150x150.jpg",150,150,true],"medium":["https:\/\/www.agriculturayganaderia.com\/wp-content\/uploads\/2024\/08\/0005-PRECIOS-PAPA-800-300x169.jpg",300,169,true],"medium_large":["https:\/\/www.agriculturayganaderia.com\/wp-content\/uploads\/2024\/08\/0005-PRECIOS-PAPA-800-768x432.jpg",720,405,true],"large":["https:\/\/www.agriculturayganaderia.com\/wp-content\/uploads\/2024\/08\/0005-PRECIOS-PAPA-800.jpg",720,405,false],"1536x1536":["https:\/\/www.agriculturayganaderia.com\/wp-content\/uploads\/2024\/08\/0005-PRECIOS-PAPA-800.jpg",800,450,false],"2048x2048":["https:\/\/www.agriculturayganaderia.com\/wp-content\/uploads\/2024\/08\/0005-PRECIOS-PAPA-800.jpg",800,450,false],"post-thumbnail":["https:\/\/www.agriculturayganaderia.com\/wp-content\/uploads\/2024\/08\/0005-PRECIOS-PAPA-800-720x380.jpg",720,380,true],"vantage-thumbnail-no-sidebar":["https:\/\/www.agriculturayganaderia.com\/wp-content\/uploads\/2024\/08\/0005-PRECIOS-PAPA-800-800x380.jpg",800,380,true],"vantage-slide":["https:\/\/www.agriculturayganaderia.com\/wp-content\/uploads\/2024\/08\/0005-PRECIOS-PAPA-800.jpg",800,450,false],"vantage-carousel":["https:\/\/www.agriculturayganaderia.com\/wp-content\/uploads\/2024\/08\/0005-PRECIOS-PAPA-800-272x182.jpg",272,182,true],"vantage-grid-loop":["https:\/\/www.agriculturayganaderia.com\/wp-content\/uploads\/2024\/08\/0005-PRECIOS-PAPA-800-436x272.jpg",436,272,true]},"author_info":{"display_name":"Agricultura y Ganader\u00eda","author_link":"https:\/\/www.agriculturayganaderia.com\/?author=1"},"category_info":"<a href=\"https:\/\/www.agriculturayganaderia.com\/?cat=38\" rel=\"category\">MERCADOS<\/a>","tag_info":"MERCADOS","comment_count":"0","_links":{"self":[{"href":"https:\/\/www.agriculturayganaderia.com\/index.php?rest_route=\/wp\/v2\/posts\/11725","targetHints":{"allow":["GET"]}}],"collection":[{"href":"https:\/\/www.agriculturayganaderia.com\/index.php?rest_route=\/wp\/v2\/posts"}],"about":[{"href":"https:\/\/www.agriculturayganaderia.com\/index.php?rest_route=\/wp\/v2\/types\/post"}],"author":[{"embeddable":true,"href":"https:\/\/www.agriculturayganaderia.com\/index.php?rest_route=\/wp\/v2\/users\/1"}],"replies":[{"embeddable":true,"href":"https:\/\/www.agriculturayganaderia.com\/index.php?rest_route=%2Fwp%2Fv2%2Fcomments&post=11725"}],"version-history":[{"count":1,"href":"https:\/\/www.agriculturayganaderia.com\/index.php?rest_route=\/wp\/v2\/posts\/11725\/revisions"}],"predecessor-version":[{"id":11726,"href":"https:\/\/www.agriculturayganaderia.com\/index.php?rest_route=\/wp\/v2\/posts\/11725\/revisions\/11726"}],"wp:featuredmedia":[{"embeddable":true,"href":"https:\/\/www.agriculturayganaderia.com\/index.php?rest_route=\/wp\/v2\/media\/1547"}],"wp:attachment":[{"href":"https:\/\/www.agriculturayganaderia.com\/index.php?rest_route=%2Fwp%2Fv2%2Fmedia&parent=11725"}],"wp:term":[{"taxonomy":"category","embeddable":true,"href":"https:\/\/www.agriculturayganaderia.com\/index.php?rest_route=%2Fwp%2Fv2%2Fcategories&post=11725"},{"taxonomy":"post_tag","embeddable":true,"href":"https:\/\/www.agriculturayganaderia.com\/index.php?rest_route=%2Fwp%2Fv2%2Ftags&post=11725"}],"curies":[{"name":"wp","href":"https:\/\/api.w.org\/{rel}","templated":true}]}}