{"id":11730,"date":"2026-09-05T00:52:23","date_gmt":"2026-09-05T00:52:23","guid":{"rendered":"https:\/\/www.agriculturayganaderia.com\/?p=11730"},"modified":"2026-09-05T00:55:04","modified_gmt":"2026-09-05T00:55:04","slug":"seguridad-para-la-competitividad-viii-de-productor-a-empresario-tecnologia-para-producir-mas-y-mejor","status":"publish","type":"post","link":"https:\/\/www.agriculturayganaderia.com\/?p=11730","title":{"rendered":"Seguridad para la competitividad (VIII): De productor a empresario: tecnolog\u00eda para producir m\u00e1s y mejor"},"content":{"rendered":"\n<p class=\"wp-block-paragraph\"><strong>* NOTA: Las opiniones expresadas en esta publicaci\u00f3n no necesariamente reflejan el pensamiento del peri\u00f3dico www.agriculturayganaderia.com y son responsabilidad exclusiva de quien las emite y\/o de su actor.<\/strong><\/p>\n\n\n\n<p class=\"wp-block-paragraph\"><\/p>\n\n\n\n<figure class=\"wp-block-image size-full\"><img decoding=\"async\" width=\"150\" height=\"132\" src=\"https:\/\/www.agriculturayganaderia.com\/wp-content\/uploads\/2024\/11\/065-MIGUEL-LACOUTURE-150.jpg\" alt=\"\" class=\"wp-image-3112\"\/><\/figure>\n\n\n\n<p class=\"wp-block-paragraph\"><\/p>\n\n\n\n<p class=\"wp-block-paragraph\"><strong>Por: Miguel \u00c1ngel Lacouture Ar\u00e9valo* \/ Autor Invitado<\/strong><\/p>\n\n\n\n<p class=\"wp-block-paragraph\"><strong><em>Agricultura &amp; Ganader\u00eda<\/em><\/strong><\/p>\n\n\n\n<p class=\"wp-block-paragraph\">(MALA \u2013 Viernes 4 de septiembre de 2026).- En las entregas anteriores de esta Agenda para la Competitividad y Modernizaci\u00f3n del Sector Agropecuario hablamos de agua, v\u00edas, cr\u00e9dito, mercados e infraestructura productiva.<\/p>\n\n\n\n<p class=\"wp-block-paragraph\">Pero ser\u00eda un grave error creer que, construidas esas condiciones, ya tenemos un campo competitivo.<\/p>\n\n\n\n<p class=\"wp-block-paragraph\">La infraestructura permite producir. La tecnolog\u00eda permite producir m\u00e1s, mejor y a menor costo.<\/p>\n\n\n\n<p class=\"wp-block-paragraph\">Y Colombia tiene aqu\u00ed otra brecha que debemos cerrar.<\/p>\n\n\n\n<p class=\"wp-block-paragraph\"><strong>No es discurso. Se mide.<\/strong><\/p>\n\n\n\n<p class=\"wp-block-paragraph\">Un estudio del Banco Interamericano de Desarrollo encontr\u00f3 que entre 2015 y 2023 la productividad agr\u00edcola colombiana creci\u00f3 apenas 0,65% anual. Y lo m\u00e1s preocupante: el 72% del crecimiento del valor de la producci\u00f3n durante ese per\u00edodo estuvo explicado por un mayor uso de insumos, menos de una tercera parte obedeci\u00f3 a mejoras en productividad.<\/p>\n\n\n\n<p class=\"wp-block-paragraph\">En lenguaje de finca: estamos produciendo m\u00e1s a punta de fuerza bruta, m\u00e1s tierra, jornales, fertilizantes e insumos, poco por cada peso y cada hora de trabajo.<\/p>\n\n\n\n<p class=\"wp-block-paragraph\"><strong>Eso no es sostenible<\/strong><\/p>\n\n\n\n<p class=\"wp-block-paragraph\">Modernizar no significa llenar los predios de computadores, sensores o drones, ni convertir al productor en ingeniero de sistemas.<\/p>\n\n\n\n<p class=\"wp-block-paragraph\">Significa algo mucho m\u00e1s pr\u00e1ctico: poner conocimiento y tecnolog\u00eda al servicio de quien trabaja la tierra.<\/p>\n\n\n\n<p class=\"wp-block-paragraph\">Saber qu\u00e9 sembrar, cu\u00e1ndo hacerlo, cu\u00e1nto fertilizar, cu\u00e1ndo regar, c\u00f3mo manejar el suelo, c\u00f3mo anticipar una enfermedad, c\u00f3mo mejorar la gen\u00e9tica, c\u00f3mo alimentar mejor el ganado, cu\u00e1ndo cosechar y, finalmente, d\u00f3nde vender.<\/p>\n\n\n\n<p class=\"wp-block-paragraph\">Agricultura de precisi\u00f3n, informaci\u00f3n clim\u00e1tica, im\u00e1genes satelitales, monitoreo de suelos, mecanizaci\u00f3n, gen\u00e9tica, reproducci\u00f3n, sanidad, trazabilidad e inteligencia artificial ya no son ciencia ficci\u00f3n.<\/p>\n\n\n\n<p class=\"wp-block-paragraph\">Son herramientas para producir m\u00e1s y gastar menos.<\/p>\n\n\n\n<p class=\"wp-block-paragraph\">Pero aqu\u00ed debemos evitar el autoenga\u00f1o.<\/p>\n\n\n\n<p class=\"wp-block-paragraph\">Hablar de inteligencia artificial en el campo mientras miles de productores todav\u00eda no cuentan con asistencia t\u00e9cnica suficiente es poner el techo antes que los cimientos.<\/p>\n\n\n\n<p class=\"wp-block-paragraph\">La tecnolog\u00eda necesita conocimiento, el conocimiento necesita llegar a la finca.<\/p>\n\n\n\n<p class=\"wp-block-paragraph\">La propia ENA del DANE incorpor\u00f3 un m\u00f3dulo espec\u00edfico de ciencia, tecnolog\u00eda e innovaci\u00f3n y pregunt\u00f3 por innovaci\u00f3n, mecanizaci\u00f3n y asistencia t\u00e9cnica, justamente porque la transferencia de conocimiento es una pieza esencial de la competitividad agropecuaria.<\/p>\n\n\n\n<p class=\"wp-block-paragraph\">Por eso una de las grandes tareas de la pol\u00edtica agropecuaria debe ser fortalecer la extensi\u00f3n rural. No basta con que Agrosavia investigue, que las universidades formen profesionales o que el Estado dise\u00f1e programas.<\/p>\n\n\n\n<p class=\"wp-block-paragraph\">El conocimiento tiene que recorrer el \u00faltimo kil\u00f3metro: llegar al productor y convertirse en una decisi\u00f3n productiva.<\/p>\n\n\n\n<p class=\"wp-block-paragraph\">La tecnolog\u00eda que no llega a la finca no es innovaci\u00f3n; es conocimiento encerrado.<\/p>\n\n\n\n<p class=\"wp-block-paragraph\">Colombia tiene instituciones para cerrar esa brecha: Agrosavia, ICA, SENA, universidades, gremios y centros de investigaci\u00f3n. Lo que necesitamos es conectarlas alrededor de un objetivo concreto: aumentar la productividad del productor colombiano.<\/p>\n\n\n\n<p class=\"wp-block-paragraph\"><strong>Y aqu\u00ed aparece otra contradicci\u00f3n.<\/strong><\/p>\n\n\n\n<p class=\"wp-block-paragraph\">La inversi\u00f3n en ciencia, tecnolog\u00eda e innovaci\u00f3n agropecuaria sigue siendo insuficiente frente al tama\u00f1o del desaf\u00edo. No podemos exigirle al campo competir con pa\u00edses que llevan d\u00e9cadas invirtiendo en investigaci\u00f3n aplicada, gen\u00e9tica, mecanizaci\u00f3n y transferencia tecnol\u00f3gica mientras nosotros seguimos tratando el conocimiento como un gasto y no como una inversi\u00f3n.<\/p>\n\n\n\n<p class=\"wp-block-paragraph\">Brasil entendi\u00f3 esto hace tiempo. Su transformaci\u00f3n agropecuaria no ocurri\u00f3 solamente porque ten\u00eda grandes extensiones de tierra. Hubo investigaci\u00f3n, gen\u00e9tica, mecanizaci\u00f3n, cr\u00e9dito, infraestructura y transferencia tecnol\u00f3gica.<\/p>\n\n\n\n<p class=\"wp-block-paragraph\">Chile hizo lo propio en sectores donde logr\u00f3 conectar conocimiento, producci\u00f3n, log\u00edstica y mercados internacionales.<\/p>\n\n\n\n<p class=\"wp-block-paragraph\">No se trata de copiar modelos. Se trata de aprender de quienes ya recorrieron parte del camino.<\/p>\n\n\n\n<p class=\"wp-block-paragraph\"><strong>Pero hay otro problema: la escala.<\/strong><\/p>\n\n\n\n<p class=\"wp-block-paragraph\">Un peque\u00f1o productor dif\u00edcilmente puede comprar individualmente un tractor moderno, una cosechadora, maquinaria para procesamiento, un sistema de riego tecnificado o herramientas de agricultura de precisi\u00f3n.<\/p>\n\n\n\n<p class=\"wp-block-paragraph\">Pero varios productores organizados s\u00ed pueden hacerlo.<\/p>\n\n\n\n<p class=\"wp-block-paragraph\">Por eso la asociatividad debe dejar de ser \u00fanicamente un mecanismo para recibir subsidios y convertirse en una herramienta empresarial para comprar, producir, transformar y negociar juntos.<\/p>\n\n\n\n<p class=\"wp-block-paragraph\">Eso tambi\u00e9n es modernizaci\u00f3n.<\/p>\n\n\n\n<p class=\"wp-block-paragraph\">Y aqu\u00ed aparece la verdadera raz\u00f3n para incorporar tecnolog\u00eda: la rentabilidad.<\/p>\n\n\n\n<p class=\"wp-block-paragraph\">No necesitamos tecnolog\u00eda para presumir de modernidad. La necesitamos para reducir costos, aumentar rendimientos, mejorar calidad, disminuir p\u00e9rdidas, anticiparnos al clima y abrir mercados.<\/p>\n\n\n\n<p class=\"wp-block-paragraph\">En ganader\u00eda significa gen\u00e9tica, reproducci\u00f3n, nutrici\u00f3n, sanidad, manejo de pasturas, agua, trazabilidad y gesti\u00f3n.<\/p>\n\n\n\n<p class=\"wp-block-paragraph\">En agricultura significa semillas adecuadas, mecanizaci\u00f3n, manejo eficiente del agua, fertilizaci\u00f3n racional, control de plagas, informaci\u00f3n clim\u00e1tica y agricultura de precisi\u00f3n.<\/p>\n\n\n\n<p class=\"wp-block-paragraph\">En todos los casos el objetivo es el mismo: producir m\u00e1s con menos y vender mejor.<\/p>\n\n\n\n<p class=\"wp-block-paragraph\">Y aqu\u00ed la tecnolog\u00eda se conecta con algo que hemos repetido desde el comienzo de esta Agenda: el productor no puede seguir siendo visto como un receptor permanente de subsidios.<\/p>\n\n\n\n<p class=\"wp-block-paragraph\">Tenemos que ayudarlo a convertirse en empresario rural.<\/p>\n\n\n\n<p class=\"wp-block-paragraph\">Un empresario que conoce sus costos.<\/p>\n\n\n\n<p class=\"wp-block-paragraph\">Que mide su productividad.<\/p>\n\n\n\n<p class=\"wp-block-paragraph\">Que utiliza informaci\u00f3n.<\/p>\n\n\n\n<p class=\"wp-block-paragraph\">Que invierte.<\/p>\n\n\n\n<p class=\"wp-block-paragraph\">Que innova.<\/p>\n\n\n\n<p class=\"wp-block-paragraph\">Que negocia.<\/p>\n\n\n\n<p class=\"wp-block-paragraph\">Y que participa cada vez m\u00e1s del valor que genera.<\/p>\n\n\n\n<p class=\"wp-block-paragraph\">Pero todo esto requiere algo que tambi\u00e9n hemos repetido desde el comienzo: seguridad y reglas claras.<\/p>\n\n\n\n<p class=\"wp-block-paragraph\">Nadie realiza una inversi\u00f3n tecnol\u00f3gica importante si no sabe qu\u00e9 ocurrir\u00e1 con su tierra, con su inversi\u00f3n, con la seguridad de su finca o con las reglas del mercado.<\/p>\n\n\n\n<p class=\"wp-block-paragraph\">El productor necesita poder invertir hoy y tener la tranquilidad de que podr\u00e1 cosechar ma\u00f1ana.<\/p>\n\n\n\n<p class=\"wp-block-paragraph\">Desde el barro y la bosta, la conclusi\u00f3n es sencilla:<\/p>\n\n\n\n<p class=\"wp-block-paragraph\">Modernizar el campo no significa sacar al productor del campo. Significa darle las herramientas para quedarse, producir m\u00e1s y vivir mejor de lo que produce.<\/p>\n\n\n\n<p class=\"wp-block-paragraph\">Colombia tiene tierra, productores, conocimiento, instituciones y mercados.<\/p>\n\n\n\n<p class=\"wp-block-paragraph\">Lo que necesitamos es conectar todo eso alrededor de la finca.<\/p>\n\n\n\n<p class=\"wp-block-paragraph\">Porque el productor colombiano no necesita que le digamos que es pobre.<\/p>\n\n\n\n<p class=\"wp-block-paragraph\">Necesita las herramientas para dejar de serlo.<\/p>\n\n\n\n<p class=\"wp-block-paragraph\">Y cuando una tecnolog\u00eda reduce costos, aumenta la productividad, mejora la calidad y abre un mercado, deja de ser una sofisticaci\u00f3n.<\/p>\n\n\n\n<p class=\"wp-block-paragraph\">Se convierte en riqueza.<\/p>\n\n\n\n<p class=\"wp-block-paragraph\">Ese es el verdadero sentido de modernizar el campo colombiano.<\/p>\n\n\n\n<p class=\"wp-block-paragraph\"><strong>* Miguel \u00c1ngel Lacouture Ar\u00e9valo, Pr\u00e1ctico en Desarrollo Rural y Agropecuario. <em>@lacoutu<\/em><\/strong><\/p>\n","protected":false},"excerpt":{"rendered":"<p>* NOTA: Las opiniones expresadas en esta publicaci\u00f3n no necesariamente reflejan el pensamiento del peri\u00f3dico www.agriculturayganaderia.com y son responsabilidad exclusiva de quien las emite y\/o de su actor. Por: Miguel \u00c1ngel Lacouture Ar\u00e9valo* \/ Autor Invitado Agricultura &amp; Ganader\u00eda (MALA \u2013 Viernes 4 de septiembre de 2026).- En las entregas anteriores de esta Agenda para [&hellip;]<\/p>\n","protected":false},"author":1,"featured_media":1541,"comment_status":"closed","ping_status":"closed","sticky":false,"template":"","format":"standard","meta":{"footnotes":""},"categories":[54],"tags":[],"class_list":["post-11730","post","type-post","status-publish","format-standard","has-post-thumbnail","hentry","category-opinion","post-with-thumbnail","post-with-thumbnail-large"],"featured_image_urls":{"full":["https:\/\/www.agriculturayganaderia.com\/wp-content\/uploads\/2024\/08\/Agricultores-en-cosecha-2.jpg",800,450,false],"thumbnail":["https:\/\/www.agriculturayganaderia.com\/wp-content\/uploads\/2024\/08\/Agricultores-en-cosecha-2-150x150.jpg",150,150,true],"medium":["https:\/\/www.agriculturayganaderia.com\/wp-content\/uploads\/2024\/08\/Agricultores-en-cosecha-2-300x169.jpg",300,169,true],"medium_large":["https:\/\/www.agriculturayganaderia.com\/wp-content\/uploads\/2024\/08\/Agricultores-en-cosecha-2-768x432.jpg",720,405,true],"large":["https:\/\/www.agriculturayganaderia.com\/wp-content\/uploads\/2024\/08\/Agricultores-en-cosecha-2.jpg",720,405,false],"1536x1536":["https:\/\/www.agriculturayganaderia.com\/wp-content\/uploads\/2024\/08\/Agricultores-en-cosecha-2.jpg",800,450,false],"2048x2048":["https:\/\/www.agriculturayganaderia.com\/wp-content\/uploads\/2024\/08\/Agricultores-en-cosecha-2.jpg",800,450,false],"post-thumbnail":["https:\/\/www.agriculturayganaderia.com\/wp-content\/uploads\/2024\/08\/Agricultores-en-cosecha-2-720x380.jpg",720,380,true],"vantage-thumbnail-no-sidebar":["https:\/\/www.agriculturayganaderia.com\/wp-content\/uploads\/2024\/08\/Agricultores-en-cosecha-2-800x380.jpg",800,380,true],"vantage-slide":["https:\/\/www.agriculturayganaderia.com\/wp-content\/uploads\/2024\/08\/Agricultores-en-cosecha-2.jpg",800,450,false],"vantage-carousel":["https:\/\/www.agriculturayganaderia.com\/wp-content\/uploads\/2024\/08\/Agricultores-en-cosecha-2-272x182.jpg",272,182,true],"vantage-grid-loop":["https:\/\/www.agriculturayganaderia.com\/wp-content\/uploads\/2024\/08\/Agricultores-en-cosecha-2-436x272.jpg",436,272,true]},"author_info":{"display_name":"Agricultura y Ganader\u00eda","author_link":"https:\/\/www.agriculturayganaderia.com\/?author=1"},"category_info":"<a href=\"https:\/\/www.agriculturayganaderia.com\/?cat=54\" rel=\"category\">OPINI\u00d3N<\/a>","tag_info":"OPINI\u00d3N","comment_count":"0","_links":{"self":[{"href":"https:\/\/www.agriculturayganaderia.com\/index.php?rest_route=\/wp\/v2\/posts\/11730","targetHints":{"allow":["GET"]}}],"collection":[{"href":"https:\/\/www.agriculturayganaderia.com\/index.php?rest_route=\/wp\/v2\/posts"}],"about":[{"href":"https:\/\/www.agriculturayganaderia.com\/index.php?rest_route=\/wp\/v2\/types\/post"}],"author":[{"embeddable":true,"href":"https:\/\/www.agriculturayganaderia.com\/index.php?rest_route=\/wp\/v2\/users\/1"}],"replies":[{"embeddable":true,"href":"https:\/\/www.agriculturayganaderia.com\/index.php?rest_route=%2Fwp%2Fv2%2Fcomments&post=11730"}],"version-history":[{"count":1,"href":"https:\/\/www.agriculturayganaderia.com\/index.php?rest_route=\/wp\/v2\/posts\/11730\/revisions"}],"predecessor-version":[{"id":11731,"href":"https:\/\/www.agriculturayganaderia.com\/index.php?rest_route=\/wp\/v2\/posts\/11730\/revisions\/11731"}],"wp:featuredmedia":[{"embeddable":true,"href":"https:\/\/www.agriculturayganaderia.com\/index.php?rest_route=\/wp\/v2\/media\/1541"}],"wp:attachment":[{"href":"https:\/\/www.agriculturayganaderia.com\/index.php?rest_route=%2Fwp%2Fv2%2Fmedia&parent=11730"}],"wp:term":[{"taxonomy":"category","embeddable":true,"href":"https:\/\/www.agriculturayganaderia.com\/index.php?rest_route=%2Fwp%2Fv2%2Fcategories&post=11730"},{"taxonomy":"post_tag","embeddable":true,"href":"https:\/\/www.agriculturayganaderia.com\/index.php?rest_route=%2Fwp%2Fv2%2Ftags&post=11730"}],"curies":[{"name":"wp","href":"https:\/\/api.w.org\/{rel}","templated":true}]}}