{"id":11733,"date":"2026-09-05T01:26:47","date_gmt":"2026-09-05T01:26:47","guid":{"rendered":"https:\/\/www.agriculturayganaderia.com\/?p=11733"},"modified":"2026-09-05T01:28:55","modified_gmt":"2026-09-05T01:28:55","slug":"el-nino-a-las-cosas-a-las-cosas","status":"publish","type":"post","link":"https:\/\/www.agriculturayganaderia.com\/?p=11733","title":{"rendered":"EL NI\u00d1O: \u201c\u00a1A LAS COSAS, A LAS COSAS!\u201d"},"content":{"rendered":"\n<p class=\"wp-block-paragraph\"><strong>* NOTA: Las opiniones expresadas en esta publicaci\u00f3n no necesariamente reflejan el pensamiento del peri\u00f3dico www.agriculturayganaderia.com y son responsabilidad exclusiva de quien las emite y\/o de su actor.<\/strong><\/p>\n\n\n\n<p class=\"wp-block-paragraph\"><\/p>\n\n\n\n<figure class=\"wp-block-image size-full\"><img decoding=\"async\" width=\"150\" height=\"143\" src=\"https:\/\/www.agriculturayganaderia.com\/wp-content\/uploads\/2025\/03\/0064-Jose-Felix-Lafaurie-150.jpg\" alt=\"\" class=\"wp-image-4863\"\/><\/figure>\n\n\n\n<p class=\"wp-block-paragraph\"><\/p>\n\n\n\n<p class=\"wp-block-paragraph\"><strong>Por: Jos\u00e9 F\u00e9lix Lafaurie Rivera * \/ Autor Invitado<\/strong><\/p>\n\n\n\n<p class=\"wp-block-paragraph\"><strong><em>Agricultura &amp; Ganader\u00eda<\/em><\/strong><\/p>\n\n\n\n<p class=\"wp-block-paragraph\">(JFLR \u2013 Viernes 4 de septiembre de 2026).- Entre ondas tropicales, como la que afect\u00f3 severamente a C\u00f3rdoba, y la amenaza de El Ni\u00f1o, que apenas empezando ya ha causado estragos y se anuncia como el m\u00e1s fuerte en d\u00e9cadas, el pa\u00eds ha sufrido este a\u00f1o inundaciones catastr\u00f3ficas, incendios, sequ\u00edas\u2026 y un devastador terremoto.<\/p>\n\n\n\n<p class=\"wp-block-paragraph\">Cuando escribo estas l\u00edneas la Organizaci\u00f3n Meteorol\u00f3gica Mundial, OMM, ha confirmado oficialmente el inicio del Fen\u00f3meno de El Ni\u00f1o y advierte sobre su intensidad, que ser\u00e1 m\u00e1xima hacia finales de a\u00f1o y con 100% de posibilidad, es decir, con total certeza de que se extender\u00e1 hacia febrero de 2007.<\/p>\n\n\n\n<p class=\"wp-block-paragraph\">Al margen de la tragedia humana detr\u00e1s de estos embates de la naturaleza, siempre prioritaria, el da\u00f1o a la tierra y a los animales no es un problema menor, por su importancia para la seguridad alimentaria y la subsistencia econ\u00f3mica de millones de personas.<\/p>\n\n\n\n<p class=\"wp-block-paragraph\">Entre el 1\u00ba de junio y el 25 de agosto de 2026, FEDEG\u00c1N registra 15.125 bovinos muertos, 392.614 desplazados y m\u00e1s de 2,8 millones de hect\u00e1reas afectadas. Las p\u00e9rdidas rondan ya los $75.000 millones.<\/p>\n\n\n\n<p class=\"wp-block-paragraph\">Lo grave es que El Ni\u00f1o apenas comienza y ya sabemos en qu\u00e9 puede terminar. En el de 2009\u20132010 murieron 73.927 bovinos, 1.388.878 fueron desplazados y m\u00e1s de 8,1 millones de hect\u00e1reas resultaron afectadas, con p\u00e9rdidas que alcanzaron los $6,1 billones.<\/p>\n\n\n\n<p class=\"wp-block-paragraph\">As\u00ed que las se\u00f1ales obligan a tomar en serio ese antecedente, pues ser\u00eda irresponsable pensar que es solo un pron\u00f3stico y esperar a comprobarlo para empezar a actuar.<\/p>\n\n\n\n<p class=\"wp-block-paragraph\">En 1939, Ortega y Gasset, exiliado en Argentina, lanz\u00f3 una proclama en La Plata que se volvi\u00f3 universal: \u00a1Argentinos\u2026, a las cosas, a las cosas! Mi padre, mi sabio de cabecera, me dec\u00eda: \u201cNo se preocupe\u2026 \u00a1oc\u00fapese!\u201d. Pues bien, frente a la amenaza advertida\u2026 a ocuparnos de ella\u2026, \u00a1a las cosas!&nbsp;<\/p>\n\n\n\n<p class=\"wp-block-paragraph\">Con esa intenci\u00f3n le escrib\u00ed tres cartas al ministro de Agricultura y Desarrollo Rural, Indalecio Dangond, con sendas propuestas concretas que esperan voluntad pol\u00edtica:<\/p>\n\n\n\n<p class=\"wp-block-paragraph\">La primera es la convocatoria de una Mesa Nacional de abastecimiento para la alimentaci\u00f3n ganadera, liderada por el Ministerio, con FEDEG\u00c1N y los principales sectores agroindustriales.<\/p>\n\n\n\n<p class=\"wp-block-paragraph\">Los ingenios tienen melaza; el sector palmicultor, palmiste; el arrocero y el algodonero diferentes subproductos; y otras cadenas agroindustriales disponen de materias primas utilizables para la alimentaci\u00f3n bovina. La tarea es saber qu\u00e9 hay, d\u00f3nde, en qu\u00e9 cantidades y a qu\u00e9 precio, para conectar esa oferta con las regiones que la necesitan.<\/p>\n\n\n\n<p class=\"wp-block-paragraph\">Pero no basta con distribuir lo que existe. Por ello la segunda apunta a la necesidad de producir hoy lo que se necesitar\u00e1 en los pr\u00f3ximos meses. El Gobierno puede convocar agricultores de ciclo corto para sembrar ma\u00edz, sorgo y otros cultivos forrajeros para ensilaje y henificaci\u00f3n, mediante contratos de producci\u00f3n o compromisos de compra. Si al agricultor se le garantiza mercado, puede sembrar hoy el alimento que la ganader\u00eda necesitar\u00e1 ma\u00f1ana.<\/p>\n\n\n\n<p class=\"wp-block-paragraph\">La tercera tiene que ver con un cuello de botella log\u00edstico: el transporte. Puede haber palmiste, melaza o forraje disponibles, pero si llevarlos a las zonas afectadas hace inviable su adquisici\u00f3n, para el ganadero ese alimento no existe. Se requiere un mecanismo temporal de cofinanciaci\u00f3n del transporte y el bodegaje local.<\/p>\n\n\n\n<p class=\"wp-block-paragraph\">Igualmente, deben habilitarse l\u00edneas de cr\u00e9dito de contingencia para compra de alimento, suplementaci\u00f3n y movilizaci\u00f3n de ganado, con tasas y plazos acordes con la emergencia.<\/p>\n\n\n\n<p class=\"wp-block-paragraph\">FEDEG\u00c1N pone a disposici\u00f3n del Gobierno su capacidad institucional, t\u00e9cnica y territorial para identificar zonas cr\u00edticas y productores afectados, cuantificar necesidades, articular oferta y demanda y apoyar la ejecuci\u00f3n verificable de estas medidas.<\/p>\n\n\n\n<p class=\"wp-block-paragraph\">Todav\u00eda estamos a tiempo. En 2009 aprendimos cu\u00e1nto cuesta llegar tarde. Hoy, sencillamente, debemos ocuparnos de enfrentar un riesgo conocido. \u00a1A las cosas!<\/p>\n\n\n\n<p class=\"wp-block-paragraph\">Por eso, las tres propuestas no deben leerse como simples solicitudes sectoriales, sino como una hoja de ruta m\u00ednima de resiliencia productiva frente a El Ni\u00f1o. La Mesa Nacional de abastecimiento permitir\u00eda anticipar el mapa real de disponibilidad de insumos; la siembra contratada de cultivos forrajeros convertir\u00eda la prevenci\u00f3n en oferta concreta de alimento; y el apoyo temporal al transporte, bodegaje y cr\u00e9dito cerrar\u00eda la brecha entre tener alimento en alg\u00fan lugar del pa\u00eds y lograr que llegue, a tiempo y a costos razonables, al productor que lo necesita.<\/p>\n\n\n\n<p class=\"wp-block-paragraph\">El Gobierno Nacional tiene en sus manos la posibilidad de actuar con anticipaci\u00f3n, no de reaccionar cuando el da\u00f1o sea irreversible. Las cartas enviadas al Ministerio de Agricultura contienen planteamientos concretos, ejecutables y articulables con la capacidad institucional de FEDEG\u00c1N y de las cadenas agroindustriales. Atenderlas no es un gesto de cortes\u00eda administrativa: es una obligaci\u00f3n frente a la seguridad alimentaria, la econom\u00eda rural y la protecci\u00f3n de miles de familias ganaderas expuestas a una emergencia que ya muestra sus primeras consecuencias.<\/p>\n\n\n\n<p class=\"wp-block-paragraph\">Ocuparse de El Ni\u00f1o supone convocar, coordinar y ejecutar. Convocar a quienes tienen materias primas; coordinar la producci\u00f3n anticipada de alimento; y ejecutar instrumentos log\u00edsticos y financieros que hagan viable la respuesta en territorio. Si las advertencias est\u00e1n dadas, las propuestas est\u00e1n formuladas y la institucionalidad est\u00e1 dispuesta, lo que corresponde ahora es decisi\u00f3n. El pa\u00eds no necesita m\u00e1s diagn\u00f3sticos tard\u00edos, sino respuestas oportunas. \u00a1A las cosas!<\/p>\n\n\n\n<p class=\"wp-block-paragraph\"><strong>* Jos\u00e9 F\u00e9lix Lafaurie Rivera, presidente de la Federaci\u00f3n Colombiana de Ganaderos (Fedeg\u00e1n). <em>@jflafaurie<\/em><\/strong><\/p>\n","protected":false},"excerpt":{"rendered":"<p>* NOTA: Las opiniones expresadas en esta publicaci\u00f3n no necesariamente reflejan el pensamiento del peri\u00f3dico www.agriculturayganaderia.com y son responsabilidad exclusiva de quien las emite y\/o de su actor. Por: Jos\u00e9 F\u00e9lix Lafaurie Rivera * \/ Autor Invitado Agricultura &amp; Ganader\u00eda (JFLR \u2013 Viernes 4 de septiembre de 2026).- Entre ondas tropicales, como la que afect\u00f3 [&hellip;]<\/p>\n","protected":false},"author":1,"featured_media":1197,"comment_status":"closed","ping_status":"closed","sticky":false,"template":"","format":"standard","meta":{"footnotes":""},"categories":[54],"tags":[],"class_list":["post-11733","post","type-post","status-publish","format-standard","has-post-thumbnail","hentry","category-opinion","post-with-thumbnail","post-with-thumbnail-large"],"featured_image_urls":{"full":["https:\/\/www.agriculturayganaderia.com\/wp-content\/uploads\/2024\/08\/10-Ganado-800.jpg",800,460,false],"thumbnail":["https:\/\/www.agriculturayganaderia.com\/wp-content\/uploads\/2024\/08\/10-Ganado-800-150x150.jpg",150,150,true],"medium":["https:\/\/www.agriculturayganaderia.com\/wp-content\/uploads\/2024\/08\/10-Ganado-800-300x173.jpg",300,173,true],"medium_large":["https:\/\/www.agriculturayganaderia.com\/wp-content\/uploads\/2024\/08\/10-Ganado-800-768x442.jpg",720,414,true],"large":["https:\/\/www.agriculturayganaderia.com\/wp-content\/uploads\/2024\/08\/10-Ganado-800.jpg",720,414,false],"1536x1536":["https:\/\/www.agriculturayganaderia.com\/wp-content\/uploads\/2024\/08\/10-Ganado-800.jpg",800,460,false],"2048x2048":["https:\/\/www.agriculturayganaderia.com\/wp-content\/uploads\/2024\/08\/10-Ganado-800.jpg",800,460,false],"post-thumbnail":["https:\/\/www.agriculturayganaderia.com\/wp-content\/uploads\/2024\/08\/10-Ganado-800-720x380.jpg",720,380,true],"vantage-thumbnail-no-sidebar":["https:\/\/www.agriculturayganaderia.com\/wp-content\/uploads\/2024\/08\/10-Ganado-800-800x380.jpg",800,380,true],"vantage-slide":["https:\/\/www.agriculturayganaderia.com\/wp-content\/uploads\/2024\/08\/10-Ganado-800.jpg",800,460,false],"vantage-carousel":["https:\/\/www.agriculturayganaderia.com\/wp-content\/uploads\/2024\/08\/10-Ganado-800-272x182.jpg",272,182,true],"vantage-grid-loop":["https:\/\/www.agriculturayganaderia.com\/wp-content\/uploads\/2024\/08\/10-Ganado-800-436x272.jpg",436,272,true]},"author_info":{"display_name":"Agricultura y Ganader\u00eda","author_link":"https:\/\/www.agriculturayganaderia.com\/?author=1"},"category_info":"<a href=\"https:\/\/www.agriculturayganaderia.com\/?cat=54\" rel=\"category\">OPINI\u00d3N<\/a>","tag_info":"OPINI\u00d3N","comment_count":"0","_links":{"self":[{"href":"https:\/\/www.agriculturayganaderia.com\/index.php?rest_route=\/wp\/v2\/posts\/11733","targetHints":{"allow":["GET"]}}],"collection":[{"href":"https:\/\/www.agriculturayganaderia.com\/index.php?rest_route=\/wp\/v2\/posts"}],"about":[{"href":"https:\/\/www.agriculturayganaderia.com\/index.php?rest_route=\/wp\/v2\/types\/post"}],"author":[{"embeddable":true,"href":"https:\/\/www.agriculturayganaderia.com\/index.php?rest_route=\/wp\/v2\/users\/1"}],"replies":[{"embeddable":true,"href":"https:\/\/www.agriculturayganaderia.com\/index.php?rest_route=%2Fwp%2Fv2%2Fcomments&post=11733"}],"version-history":[{"count":2,"href":"https:\/\/www.agriculturayganaderia.com\/index.php?rest_route=\/wp\/v2\/posts\/11733\/revisions"}],"predecessor-version":[{"id":11736,"href":"https:\/\/www.agriculturayganaderia.com\/index.php?rest_route=\/wp\/v2\/posts\/11733\/revisions\/11736"}],"wp:featuredmedia":[{"embeddable":true,"href":"https:\/\/www.agriculturayganaderia.com\/index.php?rest_route=\/wp\/v2\/media\/1197"}],"wp:attachment":[{"href":"https:\/\/www.agriculturayganaderia.com\/index.php?rest_route=%2Fwp%2Fv2%2Fmedia&parent=11733"}],"wp:term":[{"taxonomy":"category","embeddable":true,"href":"https:\/\/www.agriculturayganaderia.com\/index.php?rest_route=%2Fwp%2Fv2%2Fcategories&post=11733"},{"taxonomy":"post_tag","embeddable":true,"href":"https:\/\/www.agriculturayganaderia.com\/index.php?rest_route=%2Fwp%2Fv2%2Ftags&post=11733"}],"curies":[{"name":"wp","href":"https:\/\/api.w.org\/{rel}","templated":true}]}}