{"id":2986,"date":"2024-11-06T20:01:28","date_gmt":"2024-11-06T20:01:28","guid":{"rendered":"https:\/\/www.agriculturayganaderia.com\/?p=2986"},"modified":"2024-11-06T20:01:29","modified_gmt":"2024-11-06T20:01:29","slug":"arnulfo-trujillo-diaz-nuevo-gerente-general-de-fenalce","status":"publish","type":"post","link":"https:\/\/www.agriculturayganaderia.com\/?p=2986","title":{"rendered":"Arnulfo Trujillo D\u00edaz, nuevo gerente general de Fenalce"},"content":{"rendered":"\n<p><strong>* Uno de los principales retos del nuevo gerente es darle visibilidad a los productores, a trav\u00e9s del fortalecimiento de las organizaciones regionales y organizaciones de base.<\/strong><\/p>\n\n\n\n<p><strong><em>Agricultura &amp; Ganader\u00eda<\/em><\/strong><\/p>\n\n\n\n<p>(Fenalce \u2013 Mi\u00e9rcoles 6 de noviembre de 2024).- La Junta Directiva Nacional de la Federaci\u00f3n Nacional de Cultivadores de Cereales, Leguminosas y Soya &#8211; Fenalce, acogi\u00e9ndose a los estatutos del gremio y reglamentos internos, decidi\u00f3 cambiar el perfil del Gerente General y nombrar para este cargo, al Administrador P\u00fablico, Arnulfo Trujillo D\u00edaz.<\/p>\n\n\n\n<p>El nuevo gerente cuenta con una especializaci\u00f3n en Alta Gerencia y una maestr\u00eda en Desarrollo Rural, experto en la formulaci\u00f3n de proyectos y trabajo organizacional y gremial.<\/p>\n\n\n\n<p>Durante 28 a\u00f1os ha estado afiliado a Fenalce como productor de leguminosas y en los \u00faltimos 6 a\u00f1os fue miembro de la Junta Directiva Nacional, donde se desempe\u00f1\u00f3 como vicepresidente y presidente de este \u00f3rgano gremial.<\/p>\n\n\n\n<p>Justamente como presidente de la Junta Directiva de Fenalce, logr\u00f3 hacer eco en los senadores de la Comisi\u00f3n Quinta para que se realizara el debate de control pol\u00edtico al Ministerio de Agricultura y Desarrollo Rural, donde se hicieron varias peticiones al Gobierno Nacional: a) apoyo efectivo para prestar una vigilancia en la calidad y destino de los cereales importados, b) infraestructura de secado, c) creaci\u00f3n y fortalecimiento de las cadenas productivas, d) recursos suficientes para cobertura en los seguros de cosecha, e) apoyo a la investigaci\u00f3n de semillas que sean m\u00e1s resistentes a problemas clim\u00e1ticos y enfermedades, y&nbsp; f) apoyo al fortalecimiento organizacional.<\/p>\n\n\n\n<p>Es descendiente de familia campesina, oriundo del municipio de El Pital &#8211; Huila, donde fue alcalde por elecci\u00f3n popular y luego diputado de este departamento. Tambi\u00e9n se desempe\u00f1\u00f3 en otros importantes cargos en esta regi\u00f3n del pa\u00eds, como director Territorial del Servicio Nacional de Aprendizaje (SENA), asesor en Proyectos de varias Alcald\u00edas y el Instituto Financiero del Huila, gestor Territorial de la Escuela de Alto Gobierno y enlace del Ministerio de Agricultura tanto para el Huila como Caquet\u00e1.<\/p>\n\n\n\n<p>Arnulfo Trujillo D\u00edaz, quien ha dedicado su vida al trabajo de fortalecimiento organizacional tanto en el sector p\u00fablico como privado, llega a la Gerencia de Fenalce, un gremio que maneja recursos p\u00fablicos y privados, con m\u00faltiples retos y metas por cumplir, que manifiesta sacar\u00e1 adelante gracias al trabajo en equipo con las organizaciones regionales.<\/p>\n\n\n\n<p>Sostiene que el gran reto, sin duda, es dar visibilidad a los productores, a trav\u00e9s del fortalecimiento de las organizaciones regionales y organizaciones de base, lo que permitir\u00e1 dar cumplimiento al mandato estatutario de la Federaci\u00f3n, en el cual el propio Trujillo D\u00edaz defini\u00f3 que las organizaciones regionales tengan su propia personer\u00eda Jur\u00eddica, para que con autonom\u00eda puedan hacer gesti\u00f3n, firmar convenios y realizar labor de apoyo a la comercializaci\u00f3n.<\/p>\n\n\n\n<p>No obstante, indica que fortalecer las organizaciones regionales requiere un trabajo articulado con universidades, el SENA, las gobernaciones, los ministerios y dem\u00e1s instituciones del orden Nacional, la empresa privada e industria, para que se puedan enfrentar de manera efectiva los retos del sector.<\/p>\n","protected":false},"excerpt":{"rendered":"<p>* Uno de los principales retos del nuevo gerente es darle visibilidad a los productores, a trav\u00e9s del fortalecimiento de las organizaciones regionales y organizaciones de base. Agricultura &amp; Ganader\u00eda (Fenalce \u2013 Mi\u00e9rcoles 6 de noviembre de 2024).- La Junta Directiva Nacional de la Federaci\u00f3n Nacional de Cultivadores de Cereales, Leguminosas y Soya &#8211; Fenalce, [&hellip;]<\/p>\n","protected":false},"author":1,"featured_media":2987,"comment_status":"closed","ping_status":"closed","sticky":false,"template":"","format":"standard","meta":{"footnotes":""},"categories":[41],"tags":[],"class_list":{"0":"post-2986","1":"post","2":"type-post","3":"status-publish","4":"format-standard","5":"has-post-thumbnail","6":"hentry","7":"category-sociales","9":"post-with-thumbnail","10":"post-with-thumbnail-large"},"featured_image_urls":{"full":["https:\/\/www.agriculturayganaderia.com\/wp-content\/uploads\/2024\/11\/064-Arnulfo-Trujillo-Fenalce-800.jpg",800,452,false],"thumbnail":["https:\/\/www.agriculturayganaderia.com\/wp-content\/uploads\/2024\/11\/064-Arnulfo-Trujillo-Fenalce-800-150x150.jpg",150,150,true],"medium":["https:\/\/www.agriculturayganaderia.com\/wp-content\/uploads\/2024\/11\/064-Arnulfo-Trujillo-Fenalce-800-300x170.jpg",300,170,true],"medium_large":["https:\/\/www.agriculturayganaderia.com\/wp-content\/uploads\/2024\/11\/064-Arnulfo-Trujillo-Fenalce-800-768x434.jpg",720,407,true],"large":["https:\/\/www.agriculturayganaderia.com\/wp-content\/uploads\/2024\/11\/064-Arnulfo-Trujillo-Fenalce-800.jpg",720,407,false],"1536x1536":["https:\/\/www.agriculturayganaderia.com\/wp-content\/uploads\/2024\/11\/064-Arnulfo-Trujillo-Fenalce-800.jpg",800,452,false],"2048x2048":["https:\/\/www.agriculturayganaderia.com\/wp-content\/uploads\/2024\/11\/064-Arnulfo-Trujillo-Fenalce-800.jpg",800,452,false],"post-thumbnail":["https:\/\/www.agriculturayganaderia.com\/wp-content\/uploads\/2024\/11\/064-Arnulfo-Trujillo-Fenalce-800-720x380.jpg",720,380,true],"vantage-thumbnail-no-sidebar":["https:\/\/www.agriculturayganaderia.com\/wp-content\/uploads\/2024\/11\/064-Arnulfo-Trujillo-Fenalce-800-800x380.jpg",800,380,true],"vantage-slide":["https:\/\/www.agriculturayganaderia.com\/wp-content\/uploads\/2024\/11\/064-Arnulfo-Trujillo-Fenalce-800.jpg",800,452,false],"vantage-carousel":["https:\/\/www.agriculturayganaderia.com\/wp-content\/uploads\/2024\/11\/064-Arnulfo-Trujillo-Fenalce-800-272x182.jpg",272,182,true],"vantage-grid-loop":["https:\/\/www.agriculturayganaderia.com\/wp-content\/uploads\/2024\/11\/064-Arnulfo-Trujillo-Fenalce-800-436x272.jpg",436,272,true]},"author_info":{"display_name":"Agricultura y Ganader\u00eda","author_link":"https:\/\/www.agriculturayganaderia.com\/?author=1"},"category_info":"<a href=\"https:\/\/www.agriculturayganaderia.com\/?cat=41\" rel=\"category\">SOCIALES<\/a>","tag_info":"SOCIALES","comment_count":"0","_links":{"self":[{"href":"https:\/\/www.agriculturayganaderia.com\/index.php?rest_route=\/wp\/v2\/posts\/2986","targetHints":{"allow":["GET"]}}],"collection":[{"href":"https:\/\/www.agriculturayganaderia.com\/index.php?rest_route=\/wp\/v2\/posts"}],"about":[{"href":"https:\/\/www.agriculturayganaderia.com\/index.php?rest_route=\/wp\/v2\/types\/post"}],"author":[{"embeddable":true,"href":"https:\/\/www.agriculturayganaderia.com\/index.php?rest_route=\/wp\/v2\/users\/1"}],"replies":[{"embeddable":true,"href":"https:\/\/www.agriculturayganaderia.com\/index.php?rest_route=%2Fwp%2Fv2%2Fcomments&post=2986"}],"version-history":[{"count":1,"href":"https:\/\/www.agriculturayganaderia.com\/index.php?rest_route=\/wp\/v2\/posts\/2986\/revisions"}],"predecessor-version":[{"id":2988,"href":"https:\/\/www.agriculturayganaderia.com\/index.php?rest_route=\/wp\/v2\/posts\/2986\/revisions\/2988"}],"wp:featuredmedia":[{"embeddable":true,"href":"https:\/\/www.agriculturayganaderia.com\/index.php?rest_route=\/wp\/v2\/media\/2987"}],"wp:attachment":[{"href":"https:\/\/www.agriculturayganaderia.com\/index.php?rest_route=%2Fwp%2Fv2%2Fmedia&parent=2986"}],"wp:term":[{"taxonomy":"category","embeddable":true,"href":"https:\/\/www.agriculturayganaderia.com\/index.php?rest_route=%2Fwp%2Fv2%2Fcategories&post=2986"},{"taxonomy":"post_tag","embeddable":true,"href":"https:\/\/www.agriculturayganaderia.com\/index.php?rest_route=%2Fwp%2Fv2%2Ftags&post=2986"}],"curies":[{"name":"wp","href":"https:\/\/api.w.org\/{rel}","templated":true}]}}