{"id":9823,"date":"2026-03-05T00:22:57","date_gmt":"2026-03-05T00:22:57","guid":{"rendered":"https:\/\/www.agriculturayganaderia.com\/?p=9823"},"modified":"2026-03-05T00:23:04","modified_gmt":"2026-03-05T00:23:04","slug":"exportaciones-de-bienes-no-mineros-siguen-en-crecimiento","status":"publish","type":"post","link":"https:\/\/www.agriculturayganaderia.com\/?p=9823","title":{"rendered":"Exportaciones de bienes no mineros siguen en crecimiento"},"content":{"rendered":"\n<p><strong>* La ministra de Comercio, Industria y Turismo, Diana Marcela Morales, se\u00f1al\u00f3 que este comportamiento ratifica que la meta trazada de diversificar la canasta exportadora y transitar de una econom\u00eda extractivista a una sostenible e inclusiva, se cumple.<\/strong><\/p>\n\n\n\n<p><strong>* La industria automotriz registr\u00f3 un crecimiento del 138,2 % en sus exportaciones de enero, frente a las de un a\u00f1o atr\u00e1s.<\/strong><\/p>\n\n\n\n<p><strong><em>Agricultura &amp; Ganader\u00eda<\/em><\/strong><\/p>\n\n\n\n<p>(MinCIT \u2013 Mi\u00e9rcoles 4 de marzo de 2026).- En el primer mes de este 2026 las exportaciones de bienes No Minero Energ\u00e9ticos (NME) volvieron a crecer, ratificando as\u00ed el buen comportamiento con el que cerraron no solo 2025, sino 2024.<\/p>\n\n\n\n<p>En enero, estas ventas externas que agrupan los productos industriales, agroindustriales y agropecuarios, crecieron 14% en comparaci\u00f3n con enero de 2025 y alcanzaron los US$2.158,9 millones, frente a US$1.894,2 millones, en el mismo periodo.<\/p>\n\n\n\n<p>En volumen el comportamiento fue a\u00fan m\u00e1s relevante. Se despacharon al mundo 943.053 toneladas, un crecimiento del 25,8% con relaci\u00f3n a enero de 2025 cuando se despacharon 749.386 toneladas.<\/p>\n\n\n\n<p>\u201cEl comportamiento de las exportaciones de bienes no minero energ\u00e9ticos en enero confirma una tendencia que venimos observando en los \u00faltimos a\u00f1os: la diversificaci\u00f3n progresiva de la canasta exportadora del pa\u00eds. El dinamismo de los sectores industriales, agroindustriales y agropecuarios refleja el fortalecimiento de una base productiva m\u00e1s amplia y con mayor capacidad de inserci\u00f3n en los mercados internacionales, dijo la ministra de Comercio, Industria y Turismo, Diana Marcela Morales.<\/p>\n\n\n\n<p>Y a\u00f1adi\u00f3: \u201cCuando m\u00e1s de la mitad de lo que Colombia exporta proviene de bienes no minero energ\u00e9ticos, lo que estamos viendo en los datos es el inicio de una transformaci\u00f3n estructural en la forma en que el pa\u00eds se inserta en la econom\u00eda global\u201d.<\/p>\n\n\n\n<p>El crecimiento de las exportaciones de productos no mineros en enero estuvo impulsado por el grupo de los agroindustriales, cuyas ventas externas aumentaron 20,1%.<\/p>\n\n\n\n<p>Entre estos se destacaron las exportaciones de aceite de palma (91,1%), extractos de caf\u00e9 (81,7%), harina de ma\u00edz (15,1%) y az\u00facar (0,8%).<\/p>\n\n\n\n<p>Dentro del otro grupo, las de bienes industriales, uno de los sectores que se destac\u00f3 fue el automotor que sum\u00f3 ventas externas por US$23,6 millones para un crecimiento del 138,2%.<\/p>\n\n\n\n<p>\u201cDesde el Ministerio de Comercio, Industria y Turismo hemos acompa\u00f1ado el fortalecimiento del sector automotor en el marco de la Pol\u00edtica de Reindustrializaci\u00f3n. El prop\u00f3sito es consolidar la producci\u00f3n local, ampliar las capacidades industriales del pa\u00eds y mejorar la inserci\u00f3n internacional de esta industria\u201d, manifest\u00f3 la ministra Morales.<\/p>\n\n\n\n<p>Por otra parte, las exportaciones de productos agropecuarios sumaron US$1.098,5 millones y crecieron 24,3% con relaci\u00f3n a enero de 2025. Se destacaron por su crecimiento las ventas externas de caf\u00e9 (33,4%), banano (75,7%), aguacate hass (44,4%) y gulupa (23%), entre otros.<\/p>\n\n\n\n<p class=\"has-text-align-center\"><strong>Los destinos<\/strong><\/p>\n\n\n\n<p>Estados Unidos fue el principal destino de las exportaciones de bienes No Minero Energ\u00e9ticos (NME) con una participaci\u00f3n del 34,4%, es decir se exportaron US$742,8 millones para un aumento del 15,9%.<\/p>\n\n\n\n<p>Los otros destinos m\u00e1s relevantes fueron: Uni\u00f3n Europea, a donde aumentaron 23,8%; Ecuador, 14,2%; Brasil, 25,5%; M\u00e9xico, 12,7% y Canad\u00e1, 3,4%.<\/p>\n","protected":false},"excerpt":{"rendered":"<p>* La ministra de Comercio, Industria y Turismo, Diana Marcela Morales, se\u00f1al\u00f3 que este comportamiento ratifica que la meta trazada de diversificar la canasta exportadora y transitar de una econom\u00eda extractivista a una sostenible e inclusiva, se cumple. * La industria automotriz registr\u00f3 un crecimiento del 138,2 % en sus exportaciones de enero, frente a [&hellip;]<\/p>\n","protected":false},"author":1,"featured_media":9824,"comment_status":"closed","ping_status":"closed","sticky":false,"template":"","format":"standard","meta":{"footnotes":""},"categories":[34],"tags":[],"class_list":{"0":"post-9823","1":"post","2":"type-post","3":"status-publish","4":"format-standard","5":"has-post-thumbnail","6":"hentry","7":"category-economia","9":"post-with-thumbnail","10":"post-with-thumbnail-large"},"featured_image_urls":{"full":["https:\/\/www.agriculturayganaderia.com\/wp-content\/uploads\/2026\/03\/04-Exportaciones-800.jpg",800,457,false],"thumbnail":["https:\/\/www.agriculturayganaderia.com\/wp-content\/uploads\/2026\/03\/04-Exportaciones-800-150x150.jpg",150,150,true],"medium":["https:\/\/www.agriculturayganaderia.com\/wp-content\/uploads\/2026\/03\/04-Exportaciones-800-300x171.jpg",300,171,true],"medium_large":["https:\/\/www.agriculturayganaderia.com\/wp-content\/uploads\/2026\/03\/04-Exportaciones-800-768x439.jpg",720,412,true],"large":["https:\/\/www.agriculturayganaderia.com\/wp-content\/uploads\/2026\/03\/04-Exportaciones-800.jpg",720,411,false],"1536x1536":["https:\/\/www.agriculturayganaderia.com\/wp-content\/uploads\/2026\/03\/04-Exportaciones-800.jpg",800,457,false],"2048x2048":["https:\/\/www.agriculturayganaderia.com\/wp-content\/uploads\/2026\/03\/04-Exportaciones-800.jpg",800,457,false],"post-thumbnail":["https:\/\/www.agriculturayganaderia.com\/wp-content\/uploads\/2026\/03\/04-Exportaciones-800-720x380.jpg",720,380,true],"vantage-thumbnail-no-sidebar":["https:\/\/www.agriculturayganaderia.com\/wp-content\/uploads\/2026\/03\/04-Exportaciones-800-800x380.jpg",800,380,true],"vantage-slide":["https:\/\/www.agriculturayganaderia.com\/wp-content\/uploads\/2026\/03\/04-Exportaciones-800.jpg",800,457,false],"vantage-carousel":["https:\/\/www.agriculturayganaderia.com\/wp-content\/uploads\/2026\/03\/04-Exportaciones-800-272x182.jpg",272,182,true],"vantage-grid-loop":["https:\/\/www.agriculturayganaderia.com\/wp-content\/uploads\/2026\/03\/04-Exportaciones-800-436x272.jpg",436,272,true]},"author_info":{"display_name":"Agricultura y Ganader\u00eda","author_link":"https:\/\/www.agriculturayganaderia.com\/?author=1"},"category_info":"<a href=\"https:\/\/www.agriculturayganaderia.com\/?cat=34\" rel=\"category\">ECONOMIA<\/a>","tag_info":"ECONOMIA","comment_count":"0","_links":{"self":[{"href":"https:\/\/www.agriculturayganaderia.com\/index.php?rest_route=\/wp\/v2\/posts\/9823","targetHints":{"allow":["GET"]}}],"collection":[{"href":"https:\/\/www.agriculturayganaderia.com\/index.php?rest_route=\/wp\/v2\/posts"}],"about":[{"href":"https:\/\/www.agriculturayganaderia.com\/index.php?rest_route=\/wp\/v2\/types\/post"}],"author":[{"embeddable":true,"href":"https:\/\/www.agriculturayganaderia.com\/index.php?rest_route=\/wp\/v2\/users\/1"}],"replies":[{"embeddable":true,"href":"https:\/\/www.agriculturayganaderia.com\/index.php?rest_route=%2Fwp%2Fv2%2Fcomments&post=9823"}],"version-history":[{"count":1,"href":"https:\/\/www.agriculturayganaderia.com\/index.php?rest_route=\/wp\/v2\/posts\/9823\/revisions"}],"predecessor-version":[{"id":9825,"href":"https:\/\/www.agriculturayganaderia.com\/index.php?rest_route=\/wp\/v2\/posts\/9823\/revisions\/9825"}],"wp:featuredmedia":[{"embeddable":true,"href":"https:\/\/www.agriculturayganaderia.com\/index.php?rest_route=\/wp\/v2\/media\/9824"}],"wp:attachment":[{"href":"https:\/\/www.agriculturayganaderia.com\/index.php?rest_route=%2Fwp%2Fv2%2Fmedia&parent=9823"}],"wp:term":[{"taxonomy":"category","embeddable":true,"href":"https:\/\/www.agriculturayganaderia.com\/index.php?rest_route=%2Fwp%2Fv2%2Fcategories&post=9823"},{"taxonomy":"post_tag","embeddable":true,"href":"https:\/\/www.agriculturayganaderia.com\/index.php?rest_route=%2Fwp%2Fv2%2Ftags&post=9823"}],"curies":[{"name":"wp","href":"https:\/\/api.w.org\/{rel}","templated":true}]}}