{"id":9832,"date":"2026-03-05T18:33:08","date_gmt":"2026-03-05T18:33:08","guid":{"rendered":"https:\/\/www.agriculturayganaderia.com\/?p=9832"},"modified":"2026-03-05T18:33:11","modified_gmt":"2026-03-05T18:33:11","slug":"preocupacion-por-produccion-y-precios-en-el-sector-cafetero","status":"publish","type":"post","link":"https:\/\/www.agriculturayganaderia.com\/?p=9832","title":{"rendered":"Preocupaci\u00f3n por producci\u00f3n y precios en el sector cafetero"},"content":{"rendered":"\n<p><strong>* NOTA: Las opiniones expresadas en esta publicaci\u00f3n no necesariamente reflejan el pensamiento del peri\u00f3dico www.agriculturayganaderia.com y son responsabilidad exclusiva de quien las emite y\/o de su actor.<\/strong><\/p>\n\n\n\n<p><\/p>\n\n\n\n<figure class=\"wp-block-image size-full\"><img decoding=\"async\" width=\"150\" height=\"137\" src=\"https:\/\/www.agriculturayganaderia.com\/wp-content\/uploads\/2024\/12\/038-German-Bahamon-FNC-150x150-1.jpg\" alt=\"\" class=\"wp-image-3471\"\/><\/figure>\n\n\n\n<p><\/p>\n\n\n\n<p><strong>Por: German Baham\u00f3n Jaramillo * \/ Autor Invitado<\/strong><\/p>\n\n\n\n<p><strong><em>Agricultura &amp; Ganader\u00eda<\/em><\/strong><\/p>\n\n\n\n<p>(GBJ \u2013 Jueves 5 de marzo de 2026).- Febrero confirma un importante ajuste en la oferta; el sector cafetero colombiano expresa preocupaci\u00f3n por la afectaci\u00f3n de la producci\u00f3n y los precios actuales.<\/p>\n\n\n\n<p>La producci\u00f3n nacional de caf\u00e9 en febrero alcanz\u00f3 869 mil sacos de 60 kg, con una ca\u00edda -36% frente al mismo mes del a\u00f1o anterior. Menor disponibilidad de caf\u00e9, asociado a condiciones clim\u00e1ticas.<\/p>\n\n\n\n<p>En los \u00faltimos doce meses (marzo de 2025 a febrero de 2026), la producci\u00f3n se ubica en 12,72 millones de sacos, una variaci\u00f3n de -14% por debajo de los niveles observados un a\u00f1o atr\u00e1s.<\/p>\n\n\n\n<p>En materia de comercio exterior, las exportaciones preliminares de febrero cayeron -32% alcanzando 807 mil sacos. En el a\u00f1o cafetero, es decir de Oct a la fecha hemos exportado 5,06 millones de sacos (-14%) que representa una menor disponibilidad de caf\u00e9 de colombia para el mundo.<\/p>\n\n\n\n<p>Las importaciones de caf\u00e9 en febrero se estiman en 116 mil sacos, mientras que en a\u00f1o m\u00f3vil alcanzan 1,32 millones de sacos, principalmente para complementar abastecimiento industrial. Por su parte, el consumo interno se mantiene estable en 2,3 millones de sacos, ratificando la solidez estructural de la demanda local.<\/p>\n\n\n\n<p>El reto inmediato ser\u00e1 aplicar medidas contra c\u00edclicas para seguir fortaleciendo productividad: fertilizaci\u00f3n y renovaci\u00f3n de cafetales para consolidar el ciclo productivo en los pr\u00f3ximos meses.<\/p>\n\n\n\n<p><strong>* German Baham\u00f3n Jaramillo, Gerente general de la Federaci\u00f3n Nacional de Cafeteros de Colombia (FNC). <em>@GermanBahamon<\/em> <em>@FedeCafeteros<\/em><\/strong><\/p>\n","protected":false},"excerpt":{"rendered":"<p>* NOTA: Las opiniones expresadas en esta publicaci\u00f3n no necesariamente reflejan el pensamiento del peri\u00f3dico www.agriculturayganaderia.com y son responsabilidad exclusiva de quien las emite y\/o de su actor. Por: German Baham\u00f3n Jaramillo * \/ Autor Invitado Agricultura &amp; Ganader\u00eda (GBJ \u2013 Jueves 5 de marzo de 2026).- Febrero confirma un importante ajuste en la oferta; [&hellip;]<\/p>\n","protected":false},"author":1,"featured_media":3020,"comment_status":"closed","ping_status":"closed","sticky":false,"template":"","format":"standard","meta":{"footnotes":""},"categories":[54],"tags":[],"class_list":{"0":"post-9832","1":"post","2":"type-post","3":"status-publish","4":"format-standard","5":"has-post-thumbnail","6":"hentry","7":"category-opinion","9":"post-with-thumbnail","10":"post-with-thumbnail-large"},"featured_image_urls":{"full":["https:\/\/www.agriculturayganaderia.com\/wp-content\/uploads\/2024\/11\/4-Cafe-cultivo-2.jpg",800,457,false],"thumbnail":["https:\/\/www.agriculturayganaderia.com\/wp-content\/uploads\/2024\/11\/4-Cafe-cultivo-2-150x150.jpg",150,150,true],"medium":["https:\/\/www.agriculturayganaderia.com\/wp-content\/uploads\/2024\/11\/4-Cafe-cultivo-2-300x171.jpg",300,171,true],"medium_large":["https:\/\/www.agriculturayganaderia.com\/wp-content\/uploads\/2024\/11\/4-Cafe-cultivo-2-768x439.jpg",720,412,true],"large":["https:\/\/www.agriculturayganaderia.com\/wp-content\/uploads\/2024\/11\/4-Cafe-cultivo-2.jpg",720,411,false],"1536x1536":["https:\/\/www.agriculturayganaderia.com\/wp-content\/uploads\/2024\/11\/4-Cafe-cultivo-2.jpg",800,457,false],"2048x2048":["https:\/\/www.agriculturayganaderia.com\/wp-content\/uploads\/2024\/11\/4-Cafe-cultivo-2.jpg",800,457,false],"post-thumbnail":["https:\/\/www.agriculturayganaderia.com\/wp-content\/uploads\/2024\/11\/4-Cafe-cultivo-2-720x380.jpg",720,380,true],"vantage-thumbnail-no-sidebar":["https:\/\/www.agriculturayganaderia.com\/wp-content\/uploads\/2024\/11\/4-Cafe-cultivo-2-800x380.jpg",800,380,true],"vantage-slide":["https:\/\/www.agriculturayganaderia.com\/wp-content\/uploads\/2024\/11\/4-Cafe-cultivo-2.jpg",800,457,false],"vantage-carousel":["https:\/\/www.agriculturayganaderia.com\/wp-content\/uploads\/2024\/11\/4-Cafe-cultivo-2-272x182.jpg",272,182,true],"vantage-grid-loop":["https:\/\/www.agriculturayganaderia.com\/wp-content\/uploads\/2024\/11\/4-Cafe-cultivo-2-436x272.jpg",436,272,true]},"author_info":{"display_name":"Agricultura y Ganader\u00eda","author_link":"https:\/\/www.agriculturayganaderia.com\/?author=1"},"category_info":"<a href=\"https:\/\/www.agriculturayganaderia.com\/?cat=54\" rel=\"category\">OPINI\u00d3N<\/a>","tag_info":"OPINI\u00d3N","comment_count":"0","_links":{"self":[{"href":"https:\/\/www.agriculturayganaderia.com\/index.php?rest_route=\/wp\/v2\/posts\/9832","targetHints":{"allow":["GET"]}}],"collection":[{"href":"https:\/\/www.agriculturayganaderia.com\/index.php?rest_route=\/wp\/v2\/posts"}],"about":[{"href":"https:\/\/www.agriculturayganaderia.com\/index.php?rest_route=\/wp\/v2\/types\/post"}],"author":[{"embeddable":true,"href":"https:\/\/www.agriculturayganaderia.com\/index.php?rest_route=\/wp\/v2\/users\/1"}],"replies":[{"embeddable":true,"href":"https:\/\/www.agriculturayganaderia.com\/index.php?rest_route=%2Fwp%2Fv2%2Fcomments&post=9832"}],"version-history":[{"count":1,"href":"https:\/\/www.agriculturayganaderia.com\/index.php?rest_route=\/wp\/v2\/posts\/9832\/revisions"}],"predecessor-version":[{"id":9833,"href":"https:\/\/www.agriculturayganaderia.com\/index.php?rest_route=\/wp\/v2\/posts\/9832\/revisions\/9833"}],"wp:featuredmedia":[{"embeddable":true,"href":"https:\/\/www.agriculturayganaderia.com\/index.php?rest_route=\/wp\/v2\/media\/3020"}],"wp:attachment":[{"href":"https:\/\/www.agriculturayganaderia.com\/index.php?rest_route=%2Fwp%2Fv2%2Fmedia&parent=9832"}],"wp:term":[{"taxonomy":"category","embeddable":true,"href":"https:\/\/www.agriculturayganaderia.com\/index.php?rest_route=%2Fwp%2Fv2%2Fcategories&post=9832"},{"taxonomy":"post_tag","embeddable":true,"href":"https:\/\/www.agriculturayganaderia.com\/index.php?rest_route=%2Fwp%2Fv2%2Ftags&post=9832"}],"curies":[{"name":"wp","href":"https:\/\/api.w.org\/{rel}","templated":true}]}}