{"id":9851,"date":"2026-03-07T00:37:25","date_gmt":"2026-03-07T00:37:25","guid":{"rendered":"https:\/\/www.agriculturayganaderia.com\/?p=9851"},"modified":"2026-03-07T01:17:08","modified_gmt":"2026-03-07T01:17:08","slug":"mas-patrimonio-en-papel-mas-impuestos-en-caja","status":"publish","type":"post","link":"https:\/\/www.agriculturayganaderia.com\/?p=9851","title":{"rendered":"M\u00e1s patrimonio en papel, m\u00e1s impuestos en caja"},"content":{"rendered":"\n<p><strong>* NOTA: Las opiniones expresadas en esta publicaci\u00f3n no necesariamente reflejan el pensamiento del peri\u00f3dico www.agriculturayganaderia.com y son responsabilidad exclusiva de quien las emite y\/o de su actor.<\/strong><\/p>\n\n\n\n<p><\/p>\n\n\n\n<figure class=\"wp-block-image size-full\"><img decoding=\"async\" width=\"150\" height=\"132\" src=\"https:\/\/www.agriculturayganaderia.com\/wp-content\/uploads\/2024\/11\/065-MIGUEL-LACOUTURE-150.jpg\" alt=\"\" class=\"wp-image-3112\"\/><\/figure>\n\n\n\n<p><\/p>\n\n\n\n<p><strong>Por: Miguel \u00c1ngel Lacouture Ar\u00e9valo* \/ Autor Invitado<\/strong><\/p>\n\n\n\n<p><strong><em>Agricultura &amp; Ganader\u00eda<\/em><\/strong><\/p>\n\n\n\n<p>(MALA \u2013 Viernes 6 de marzo de 2026).- \u201cEl d\u00eda en que el aval\u00fao activa $30 millones\u201d no es una exageraci\u00f3n ret\u00f3rica. Una actualizaci\u00f3n catastral puede no disparar el predial por sus l\u00edmites legales, pero s\u00ed cruzar el umbral que activa el impuesto al patrimonio. El problema no es el valor en papel: es la obligaci\u00f3n de pagar en efectivo, y hacerlo ahora.<\/p>\n\n\n\n<p>En el sector agropecuario se discute con intensidad el aumento del predial. El debate necesita menos estridencia y m\u00e1s precisi\u00f3n jur\u00eddica. Pero cuando se mira completo, el rigor tambi\u00e9n inquieta.<\/p>\n\n\n\n<p>El aval\u00fao catastral no es el impuesto. El predial es un tributo municipal sometido a l\u00edmites claros. El art\u00edculo 49 de la Ley 1955 de 2019 establece que, tras actualizaci\u00f3n catastral, el incremento anual no puede superar el IPC m\u00e1s ocho (8) puntos porcentuales frente al a\u00f1o anterior. Ese tope es obligatorio.<\/p>\n\n\n\n<p>El impacto verdadero, sin embargo, no termina en el municipio.<\/p>\n\n\n\n<p>El Estatuto Tributario dispone que el patrimonio bruto est\u00e1 conformado por el total de bienes pose\u00eddos al 31 de diciembre por su valor fiscal. Si el aval\u00fao sube, el patrimonio sube. Y cuando el patrimonio cruza ciertos umbrales, se activan nuevas obligaciones nacionales.<\/p>\n\n\n\n<p>Supongamos que el Decreto Legislativo 0173 de 2026 fija un umbral de sujeci\u00f3n de $5.000 millones de patrimonio l\u00edquido y una primera tarifa del 0,5%.<\/p>\n\n\n\n<p>Un productor ten\u00eda:<\/p>\n\n\n\n<p>Patrimonio l\u00edquido total: $4.800 millones.<\/p>\n\n\n\n<p>No estaba sujeto al impuesto al patrimonio.<\/p>\n\n\n\n<p>Tras la actualizaci\u00f3n catastral, su predio aumenta de valor y su patrimonio l\u00edquido asciende a $6.000 millones.<\/p>\n\n\n\n<p><strong>\u00bfQu\u00e9 ocurre jur\u00eddicamente?<\/strong><\/p>\n\n\n\n<p>Primero, supera el umbral legal.<\/p>\n\n\n\n<p>Segundo, se convierte en sujeto pasivo del impuesto.<\/p>\n\n\n\n<p>Tercero, la tarifa se aplica sobre la base gravable definida por la norma.<\/p>\n\n\n\n<p>Si la base corresponde a $6.000 millones, el c\u00e1lculo es directo:<\/p>\n\n\n\n<p>0,5% de $6.000 millones = $30 millones anuales.<\/p>\n\n\n\n<p>Antes pagaba $0.<\/p>\n\n\n\n<p>Ahora debe pagar $30 millones.<\/p>\n\n\n\n<p>No sobre el excedente. Sobre la base gravable que la ley determine una vez superado el umbral.<\/p>\n\n\n\n<p>Y aqu\u00ed est\u00e1 el punto cr\u00edtico: ese impuesto no se paga con aval\u00faos. Se paga con liquidez.<\/p>\n\n\n\n<p>No es una obligaci\u00f3n te\u00f3rica ni diferida. Se liquida dentro del mismo a\u00f1o fiscal y debe pagarse en las cuotas establecidas por el calendario tributario. El productor puede tener m\u00e1s patrimonio en el papel, pero no necesariamente m\u00e1s rentabilidad ni mayor flujo de caja. La productividad por hect\u00e1rea no aumenta porque el catastro se actualice.<\/p>\n\n\n\n<p>Sin embargo, la obligaci\u00f3n s\u00ed es inmediata.<\/p>\n\n\n\n<p>Adem\u00e1s, cuando se cruza el umbral patrimonial no solo se activa el impuesto al patrimonio. Tambi\u00e9n se ampl\u00eda el universo de declarantes de renta y se incrementa la exposici\u00f3n fiscal.<\/p>\n\n\n\n<p>Conviene una precisi\u00f3n t\u00e9cnica: \u201cempresario\u201d no es categor\u00eda tributaria. El sujeto pasivo lo define la ley y puede ser persona natural o jur\u00eddica. Si el patrimonio supera el umbral, queda dentro, sin importar la forma jur\u00eddica en que opere la actividad.<\/p>\n\n\n\n<p>Por eso el debate no puede reducirse a si el predial \u201cse dispar\u00f3\u201d o no. El debate serio es si el sistema tributario est\u00e1 midiendo capacidad contributiva real o valorizaci\u00f3n administrativa.<\/p>\n\n\n\n<p>Cuando el aval\u00fao crece sin que crezca el ingreso, el riesgo no es la histeria. El riesgo es la descapitalizaci\u00f3n silenciosa.<\/p>\n\n\n\n<p>Porque el patrimonio puede aumentar en los registros.<\/p>\n\n\n\n<p>Pero el impuesto se paga en efectivo.<\/p>\n\n\n\n<p>Y se paga ya.<\/p>\n\n\n\n<p><strong>* Miguel \u00c1ngel Lacouture Ar\u00e9valo, Pr\u00e1ctico en Desarrollo Rural y Agropecuario. <em>@lacoutu<\/em><\/strong><\/p>\n","protected":false},"excerpt":{"rendered":"<p>* NOTA: Las opiniones expresadas en esta publicaci\u00f3n no necesariamente reflejan el pensamiento del peri\u00f3dico www.agriculturayganaderia.com y son responsabilidad exclusiva de quien las emite y\/o de su actor. Por: Miguel \u00c1ngel Lacouture Ar\u00e9valo* \/ Autor Invitado Agricultura &amp; Ganader\u00eda (MALA \u2013 Viernes 6 de marzo de 2026).- \u201cEl d\u00eda en que el aval\u00fao activa $30 [&hellip;]<\/p>\n","protected":false},"author":1,"featured_media":1812,"comment_status":"closed","ping_status":"closed","sticky":false,"template":"","format":"standard","meta":{"footnotes":""},"categories":[54],"tags":[],"class_list":{"0":"post-9851","1":"post","2":"type-post","3":"status-publish","4":"format-standard","5":"has-post-thumbnail","6":"hentry","7":"category-opinion","9":"post-with-thumbnail","10":"post-with-thumbnail-large"},"featured_image_urls":{"full":["https:\/\/www.agriculturayganaderia.com\/wp-content\/uploads\/2024\/08\/004-Tierra-agricola-800.jpg",800,459,false],"thumbnail":["https:\/\/www.agriculturayganaderia.com\/wp-content\/uploads\/2024\/08\/004-Tierra-agricola-800-150x150.jpg",150,150,true],"medium":["https:\/\/www.agriculturayganaderia.com\/wp-content\/uploads\/2024\/08\/004-Tierra-agricola-800-300x172.jpg",300,172,true],"medium_large":["https:\/\/www.agriculturayganaderia.com\/wp-content\/uploads\/2024\/08\/004-Tierra-agricola-800-768x441.jpg",720,413,true],"large":["https:\/\/www.agriculturayganaderia.com\/wp-content\/uploads\/2024\/08\/004-Tierra-agricola-800.jpg",720,413,false],"1536x1536":["https:\/\/www.agriculturayganaderia.com\/wp-content\/uploads\/2024\/08\/004-Tierra-agricola-800.jpg",800,459,false],"2048x2048":["https:\/\/www.agriculturayganaderia.com\/wp-content\/uploads\/2024\/08\/004-Tierra-agricola-800.jpg",800,459,false],"post-thumbnail":["https:\/\/www.agriculturayganaderia.com\/wp-content\/uploads\/2024\/08\/004-Tierra-agricola-800-720x380.jpg",720,380,true],"vantage-thumbnail-no-sidebar":["https:\/\/www.agriculturayganaderia.com\/wp-content\/uploads\/2024\/08\/004-Tierra-agricola-800-800x380.jpg",800,380,true],"vantage-slide":["https:\/\/www.agriculturayganaderia.com\/wp-content\/uploads\/2024\/08\/004-Tierra-agricola-800.jpg",800,459,false],"vantage-carousel":["https:\/\/www.agriculturayganaderia.com\/wp-content\/uploads\/2024\/08\/004-Tierra-agricola-800-272x182.jpg",272,182,true],"vantage-grid-loop":["https:\/\/www.agriculturayganaderia.com\/wp-content\/uploads\/2024\/08\/004-Tierra-agricola-800-436x272.jpg",436,272,true]},"author_info":{"display_name":"Agricultura y Ganader\u00eda","author_link":"https:\/\/www.agriculturayganaderia.com\/?author=1"},"category_info":"<a href=\"https:\/\/www.agriculturayganaderia.com\/?cat=54\" rel=\"category\">OPINI\u00d3N<\/a>","tag_info":"OPINI\u00d3N","comment_count":"0","_links":{"self":[{"href":"https:\/\/www.agriculturayganaderia.com\/index.php?rest_route=\/wp\/v2\/posts\/9851","targetHints":{"allow":["GET"]}}],"collection":[{"href":"https:\/\/www.agriculturayganaderia.com\/index.php?rest_route=\/wp\/v2\/posts"}],"about":[{"href":"https:\/\/www.agriculturayganaderia.com\/index.php?rest_route=\/wp\/v2\/types\/post"}],"author":[{"embeddable":true,"href":"https:\/\/www.agriculturayganaderia.com\/index.php?rest_route=\/wp\/v2\/users\/1"}],"replies":[{"embeddable":true,"href":"https:\/\/www.agriculturayganaderia.com\/index.php?rest_route=%2Fwp%2Fv2%2Fcomments&post=9851"}],"version-history":[{"count":1,"href":"https:\/\/www.agriculturayganaderia.com\/index.php?rest_route=\/wp\/v2\/posts\/9851\/revisions"}],"predecessor-version":[{"id":9852,"href":"https:\/\/www.agriculturayganaderia.com\/index.php?rest_route=\/wp\/v2\/posts\/9851\/revisions\/9852"}],"wp:featuredmedia":[{"embeddable":true,"href":"https:\/\/www.agriculturayganaderia.com\/index.php?rest_route=\/wp\/v2\/media\/1812"}],"wp:attachment":[{"href":"https:\/\/www.agriculturayganaderia.com\/index.php?rest_route=%2Fwp%2Fv2%2Fmedia&parent=9851"}],"wp:term":[{"taxonomy":"category","embeddable":true,"href":"https:\/\/www.agriculturayganaderia.com\/index.php?rest_route=%2Fwp%2Fv2%2Fcategories&post=9851"},{"taxonomy":"post_tag","embeddable":true,"href":"https:\/\/www.agriculturayganaderia.com\/index.php?rest_route=%2Fwp%2Fv2%2Ftags&post=9851"}],"curies":[{"name":"wp","href":"https:\/\/api.w.org\/{rel}","templated":true}]}}