{"id":9853,"date":"2026-03-07T01:15:30","date_gmt":"2026-03-07T01:15:30","guid":{"rendered":"https:\/\/www.agriculturayganaderia.com\/?p=9853"},"modified":"2026-03-07T01:15:32","modified_gmt":"2026-03-07T01:15:32","slug":"una-amenaza-integral","status":"publish","type":"post","link":"https:\/\/www.agriculturayganaderia.com\/?p=9853","title":{"rendered":"Una amenaza \u201cintegral\u201d"},"content":{"rendered":"\n<p><strong>* NOTA: Las opiniones expresadas en esta publicaci\u00f3n no necesariamente reflejan el pensamiento del peri\u00f3dico www.agriculturayganaderia.com y son responsabilidad exclusiva de quien las emite y\/o de su actor.<\/strong><\/p>\n\n\n\n<p><\/p>\n\n\n\n<figure class=\"wp-block-image size-full\"><img decoding=\"async\" width=\"150\" height=\"143\" src=\"https:\/\/www.agriculturayganaderia.com\/wp-content\/uploads\/2025\/03\/0064-Jose-Felix-Lafaurie-150.jpg\" alt=\"\" class=\"wp-image-4863\"\/><\/figure>\n\n\n\n<p><\/p>\n\n\n\n<p><strong>Por: Jos\u00e9 F\u00e9lix Lafaurie Rivera * \/ Autor Invitado<\/strong><\/p>\n\n\n\n<p><strong><em>Agricultura &amp; Ganader\u00eda<\/em><\/strong><\/p>\n\n\n\n<p>(JFLR \u2013 Viernes 6 de marzo de 2026).- Nuestra democracia enfrenta su primera contienda electoral de 2026, trascendental para el pa\u00eds, no solo porque la conformaci\u00f3n del Congreso dibuja el mapa pol\u00edtico del pr\u00f3ximo cuatrienio y es, a la vez, una suerte de \u201cprimaria\u201d hacia la primera vuelta presidencial, sino porque es mucho lo que est\u00e1 en juego.<\/p>\n\n\n\n<p>En efecto, la izquierda, en cabeza de Petro desde la Presidencia y del Pacto Hist\u00f3rico en la arena pol\u00edtica, adelanta una amenazante \u201cestrategia integral\u201d para atornillarse al poder, no hasta 2030, sino con la vocaci\u00f3n de permanencia de los reg\u00edmenes comunistas.<\/p>\n\n\n\n<p>Su primer componente es deslegitimar, algo nada nuevo en Petro: A la Corte Constitucional que no aprueba sus reformas y al Consejo Nacional Electoral que lo investiga; deslegitimar al empresariado, al Congreso, a la Procuradur\u00eda y a toda persona o instituci\u00f3n que se le atraviese.<\/p>\n\n\n\n<p>Con las elecciones encima, Petro arremete contra el CNE por no dejarle repetir a Cepeda consulta interpartidista y, luego, por confirmar las multas a su campa\u00f1a, que se vol\u00f3 los topes y us\u00f3 financiaci\u00f3n prohibida. &#8220;No aceptamos esa decisi\u00f3n administrativa\u201d, fue su respuesta, algo as\u00ed como \u201cla Ley no es con nosotros\u201d.&nbsp;<\/p>\n\n\n\n<p>Sus otros objetivos son la Registradur\u00eda y el sistema electoral. El 7 de febrero anuncia que no votar\u00e1 una consulta \u201cmanchada de trampa, delito y exclusi\u00f3n antidemocr\u00e1tica\u201d. D\u00edas despu\u00e9s, el Pacto Hist\u00f3rico, partido del cual es jefe supremo, anuncia sanciones a quienes la voten.<\/p>\n\n\n\n<p>En su \u00faltima alocuci\u00f3n fue m\u00e1s lejos: lanz\u00f3 un manto de duda sobre el software, calific\u00f3 de ilegal el preconteo e instig\u00f3 a la impugnaci\u00f3n masiva de las 123.000 mesas. \u201cSi son todas, todas\u201d, lo que representar\u00eda un verdadero \u201cestallido electoral\u201d, un saboteo sin precedentes al proceso insignia de la democracia.<\/p>\n\n\n\n<p>Al segundo componente de la estrategia ya me refer\u00ed en anterior columna: la descarada utilizaci\u00f3n de recursos p\u00fablicos con inocultable \u201coportunidad electoral\u201d, mientras se envuelve de dignidad lanzando una campa\u00f1a contra la compra de votos.<\/p>\n\n\n\n<p>La feria del gasto populista inici\u00f3 con 235.000 empleos p\u00fablicos creados en 2025; votos cautivos a los que se sumaron m\u00e1s de un mill\u00f3n con el subsidio a la \u201cColombia mayor\u201d, y luego el \u201cm\u00ednimo vital\u201d agreg\u00f3 4 millones m\u00e1s de posibles sufragantes agradecidos; incremento que gener\u00f3 el ataque al Consejo de Estado por la suspensi\u00f3n del decreto y un desacato por presentarlo nuevamente sin modificaci\u00f3n alguna; para rematar enero con 165 mil contratos firmados por 15 billones, una burla a la Ley de Garant\u00edas.<\/p>\n\n\n\n<p>En febrero, una rebaja de $500 por gal\u00f3n de gasolina es presentada como \u201cregalo\u201d, cuando en realidad es una restituci\u00f3n, pues al Gobierno se le fue la mano en los aumentos de precio en cerca de $4.000 por gal\u00f3n por encima del precio internacional y est\u00e1bamos siendo, literalmente, robados. Hace apenas unos d\u00edas se anuncia otra rebaja de 500 pesos, calificada de irresponsable por los expertos, en un momento de aumento mundial de precios por la guerra; pero no importa\u2026, estamos en elecciones.&nbsp;<\/p>\n\n\n\n<p>En medio de inauguraciones, entrega de tierras y plata para universidades p\u00fablicas, el Gobierno sale a remediar otro atraco a los colombianos \u00a1en 2023! con los precios del gas, ordenando a las empresas distribuidoras, a trav\u00e9s de la CREG, devolver $150 mil millones a los consumidores. Falta ver si es cierto.<\/p>\n\n\n\n<p>Deslegitimaci\u00f3n, promesas y gasto populista a tutipl\u00e9n, todo adobado con la publicidad del PH exaltando al Gobierno \u201cque nos llen\u00f3 la nevera\u201d, mientras los violentos ponen candidatos en los territorios sin gastar un peso\u2026, con sus armas en bandolera.<\/p>\n\n\n\n<p>Entre tanto, quienes creemos en la democracia y sus instituciones, en la propiedad privada y el emprendimiento, salgamos a votar para garantizar nuestras libertades.<\/p>\n\n\n\n<p><strong>* Jos\u00e9 F\u00e9lix Lafaurie Rivera, presidente de la Federaci\u00f3n Colombiana de Ganaderos (Fedeg\u00e1n). <em>@jflafaurie<\/em><\/strong><\/p>\n","protected":false},"excerpt":{"rendered":"<p>* NOTA: Las opiniones expresadas en esta publicaci\u00f3n no necesariamente reflejan el pensamiento del peri\u00f3dico www.agriculturayganaderia.com y son responsabilidad exclusiva de quien las emite y\/o de su actor. Por: Jos\u00e9 F\u00e9lix Lafaurie Rivera * \/ Autor Invitado Agricultura &amp; Ganader\u00eda (JFLR \u2013 Viernes 6 de marzo de 2026).- Nuestra democracia enfrenta su primera contienda electoral [&hellip;]<\/p>\n","protected":false},"author":1,"featured_media":2263,"comment_status":"closed","ping_status":"closed","sticky":false,"template":"","format":"standard","meta":{"footnotes":""},"categories":[54],"tags":[],"class_list":{"0":"post-9853","1":"post","2":"type-post","3":"status-publish","4":"format-standard","5":"has-post-thumbnail","6":"hentry","7":"category-opinion","9":"post-with-thumbnail","10":"post-with-thumbnail-large"},"featured_image_urls":{"full":["https:\/\/www.agriculturayganaderia.com\/wp-content\/uploads\/2024\/09\/002-Bandera-800.jpg",800,434,false],"thumbnail":["https:\/\/www.agriculturayganaderia.com\/wp-content\/uploads\/2024\/09\/002-Bandera-800-150x150.jpg",150,150,true],"medium":["https:\/\/www.agriculturayganaderia.com\/wp-content\/uploads\/2024\/09\/002-Bandera-800-300x163.jpg",300,163,true],"medium_large":["https:\/\/www.agriculturayganaderia.com\/wp-content\/uploads\/2024\/09\/002-Bandera-800-768x417.jpg",720,391,true],"large":["https:\/\/www.agriculturayganaderia.com\/wp-content\/uploads\/2024\/09\/002-Bandera-800.jpg",720,391,false],"1536x1536":["https:\/\/www.agriculturayganaderia.com\/wp-content\/uploads\/2024\/09\/002-Bandera-800.jpg",800,434,false],"2048x2048":["https:\/\/www.agriculturayganaderia.com\/wp-content\/uploads\/2024\/09\/002-Bandera-800.jpg",800,434,false],"post-thumbnail":["https:\/\/www.agriculturayganaderia.com\/wp-content\/uploads\/2024\/09\/002-Bandera-800-720x380.jpg",720,380,true],"vantage-thumbnail-no-sidebar":["https:\/\/www.agriculturayganaderia.com\/wp-content\/uploads\/2024\/09\/002-Bandera-800-800x380.jpg",800,380,true],"vantage-slide":["https:\/\/www.agriculturayganaderia.com\/wp-content\/uploads\/2024\/09\/002-Bandera-800.jpg",800,434,false],"vantage-carousel":["https:\/\/www.agriculturayganaderia.com\/wp-content\/uploads\/2024\/09\/002-Bandera-800-272x182.jpg",272,182,true],"vantage-grid-loop":["https:\/\/www.agriculturayganaderia.com\/wp-content\/uploads\/2024\/09\/002-Bandera-800-436x272.jpg",436,272,true]},"author_info":{"display_name":"Agricultura y Ganader\u00eda","author_link":"https:\/\/www.agriculturayganaderia.com\/?author=1"},"category_info":"<a href=\"https:\/\/www.agriculturayganaderia.com\/?cat=54\" rel=\"category\">OPINI\u00d3N<\/a>","tag_info":"OPINI\u00d3N","comment_count":"0","_links":{"self":[{"href":"https:\/\/www.agriculturayganaderia.com\/index.php?rest_route=\/wp\/v2\/posts\/9853","targetHints":{"allow":["GET"]}}],"collection":[{"href":"https:\/\/www.agriculturayganaderia.com\/index.php?rest_route=\/wp\/v2\/posts"}],"about":[{"href":"https:\/\/www.agriculturayganaderia.com\/index.php?rest_route=\/wp\/v2\/types\/post"}],"author":[{"embeddable":true,"href":"https:\/\/www.agriculturayganaderia.com\/index.php?rest_route=\/wp\/v2\/users\/1"}],"replies":[{"embeddable":true,"href":"https:\/\/www.agriculturayganaderia.com\/index.php?rest_route=%2Fwp%2Fv2%2Fcomments&post=9853"}],"version-history":[{"count":1,"href":"https:\/\/www.agriculturayganaderia.com\/index.php?rest_route=\/wp\/v2\/posts\/9853\/revisions"}],"predecessor-version":[{"id":9854,"href":"https:\/\/www.agriculturayganaderia.com\/index.php?rest_route=\/wp\/v2\/posts\/9853\/revisions\/9854"}],"wp:featuredmedia":[{"embeddable":true,"href":"https:\/\/www.agriculturayganaderia.com\/index.php?rest_route=\/wp\/v2\/media\/2263"}],"wp:attachment":[{"href":"https:\/\/www.agriculturayganaderia.com\/index.php?rest_route=%2Fwp%2Fv2%2Fmedia&parent=9853"}],"wp:term":[{"taxonomy":"category","embeddable":true,"href":"https:\/\/www.agriculturayganaderia.com\/index.php?rest_route=%2Fwp%2Fv2%2Fcategories&post=9853"},{"taxonomy":"post_tag","embeddable":true,"href":"https:\/\/www.agriculturayganaderia.com\/index.php?rest_route=%2Fwp%2Fv2%2Ftags&post=9853"}],"curies":[{"name":"wp","href":"https:\/\/api.w.org\/{rel}","templated":true}]}}