{"id":9896,"date":"2026-03-10T23:17:50","date_gmt":"2026-03-10T23:17:50","guid":{"rendered":"https:\/\/www.agriculturayganaderia.com\/?p=9896"},"modified":"2026-03-10T23:17:52","modified_gmt":"2026-03-10T23:17:52","slug":"el-ica-controla-brote-de-influenza-aviar-en-el-meta","status":"publish","type":"post","link":"https:\/\/www.agriculturayganaderia.com\/?p=9896","title":{"rendered":"El ICA controla brote de influenza aviar en el Meta"},"content":{"rendered":"\n<p><strong>* Se\u00f1or productor, poseedor de aves, y comunidad rural en general, si identifica cambios en la salud de sus aves, mortalidad o presencia de signos cl\u00ednicos sospechosos en sus aves, informe de manera inmediata a la oficina del ICA m\u00e1s cercana, o la l\u00ednea de WhatsApp 3242380738.<\/strong><\/p>\n\n\n\n<p><strong>* El reporte y transparencia para informar de manera oportuna de ocurrencia de este brote, reafirma el compromiso del ICA con la protecci\u00f3n del estatus sanitario y la seguridad alimentaria de la naci\u00f3n.<\/strong><\/p>\n\n\n\n<p><strong>* Con actividades de inspecci\u00f3n, vigilancia, control y erradicaci\u00f3n, el ICA trabaja en generaci\u00f3n de alimentos sanos para la seguridad alimentaria, el desarrollo econ\u00f3mico de las regiones y la Reforma Agraria.<\/strong><\/p>\n\n\n\n<p><strong><em>Agricultura &amp; Ganader\u00eda<\/em><\/strong><\/p>\n\n\n\n<p>(ICA \u2013 Martes 10 de marzo de 2026).- El Instituto Colombiano Agropecuario (ICA) confirm\u00f3 la ocurrencia de un brote de influenza aviar en el departamento del Meta. La poblaci\u00f3n afectada corresponde a aves de traspatio ubicadas en un predio del municipio de Puerto Concordia. De manera inmediata la Entidad aplic\u00f3 los protocolos establecidos dentro del Sistema Nacional de Vigilancia Epidemiol\u00f3gica Sanitaria y la ejecuci\u00f3n de las medidas establecidas en el Plan Nacional de Contingencia para influenza aviar.<\/p>\n\n\n\n<p>Estas acciones est\u00e1n orientadas a la contenci\u00f3n, erradicaci\u00f3n y mitigaci\u00f3n del riesgo de dispersi\u00f3n del virus en la regi\u00f3n. Este brote es el primero que el ICA identifica en el presente a\u00f1o.<\/p>\n\n\n\n<p>Para la atenci\u00f3n oportuna de la contingencia, el ICA dispuso el despliegue en la regi\u00f3n de un equipo t\u00e9cnico especializado, conformado por profesionales en epidemiolog\u00eda veterinaria, sanidad aviar y extensi\u00f3n agropecuaria, quienes actualmente lideran las actividades de investigaci\u00f3n epidemiol\u00f3gica, toma de muestras, seguimiento a predios en riesgo y acompa\u00f1amiento t\u00e9cnico a los productores av\u00edcolas del departamento.<\/p>\n\n\n\n<p>Las actividades se desarrollan en articulaci\u00f3n con autoridades locales, gremios del sector av\u00edcola y dem\u00e1s actores del sistema sanitario, con el objetivo de mitigar la propagaci\u00f3n del agente, proteger el estatus sanitario del pa\u00eds y salvaguardar la producci\u00f3n av\u00edcola nacional.<\/p>\n\n\n\n<p>Conforme a los est\u00e1ndares internacionales de la Organizaci\u00f3n Mundial de Sanidad Animal (OMSA), la detecci\u00f3n de este evento en aves de traspatio no compromete la condici\u00f3n sanitaria de Colombia. Por lo tanto, el pa\u00eds mantiene su autodeclaraci\u00f3n como territorio libre de Influenza Aviar Altamente Pat\u00f3gena.<\/p>\n\n\n\n<p>Es importante se\u00f1alar que este brote no representa riesgo para la producci\u00f3n nacional por lo que no se compromete el consumo de huevo y carne de pollo en el pa\u00eds.<\/p>\n","protected":false},"excerpt":{"rendered":"<p>* Se\u00f1or productor, poseedor de aves, y comunidad rural en general, si identifica cambios en la salud de sus aves, mortalidad o presencia de signos cl\u00ednicos sospechosos en sus aves, informe de manera inmediata a la oficina del ICA m\u00e1s cercana, o la l\u00ednea de WhatsApp 3242380738. * El reporte y transparencia para informar de [&hellip;]<\/p>\n","protected":false},"author":1,"featured_media":9897,"comment_status":"closed","ping_status":"closed","sticky":false,"template":"","format":"standard","meta":{"footnotes":""},"categories":[33],"tags":[],"class_list":{"0":"post-9896","1":"post","2":"type-post","3":"status-publish","4":"format-standard","5":"has-post-thumbnail","6":"hentry","7":"category-avicultura","9":"post-with-thumbnail","10":"post-with-thumbnail-large"},"featured_image_urls":{"full":["https:\/\/www.agriculturayganaderia.com\/wp-content\/uploads\/2026\/03\/0016-Gallinas-en-patio-800.jpg",800,450,false],"thumbnail":["https:\/\/www.agriculturayganaderia.com\/wp-content\/uploads\/2026\/03\/0016-Gallinas-en-patio-800-150x150.jpg",150,150,true],"medium":["https:\/\/www.agriculturayganaderia.com\/wp-content\/uploads\/2026\/03\/0016-Gallinas-en-patio-800-300x169.jpg",300,169,true],"medium_large":["https:\/\/www.agriculturayganaderia.com\/wp-content\/uploads\/2026\/03\/0016-Gallinas-en-patio-800-768x432.jpg",720,405,true],"large":["https:\/\/www.agriculturayganaderia.com\/wp-content\/uploads\/2026\/03\/0016-Gallinas-en-patio-800.jpg",720,405,false],"1536x1536":["https:\/\/www.agriculturayganaderia.com\/wp-content\/uploads\/2026\/03\/0016-Gallinas-en-patio-800.jpg",800,450,false],"2048x2048":["https:\/\/www.agriculturayganaderia.com\/wp-content\/uploads\/2026\/03\/0016-Gallinas-en-patio-800.jpg",800,450,false],"post-thumbnail":["https:\/\/www.agriculturayganaderia.com\/wp-content\/uploads\/2026\/03\/0016-Gallinas-en-patio-800-720x380.jpg",720,380,true],"vantage-thumbnail-no-sidebar":["https:\/\/www.agriculturayganaderia.com\/wp-content\/uploads\/2026\/03\/0016-Gallinas-en-patio-800-800x380.jpg",800,380,true],"vantage-slide":["https:\/\/www.agriculturayganaderia.com\/wp-content\/uploads\/2026\/03\/0016-Gallinas-en-patio-800.jpg",800,450,false],"vantage-carousel":["https:\/\/www.agriculturayganaderia.com\/wp-content\/uploads\/2026\/03\/0016-Gallinas-en-patio-800-272x182.jpg",272,182,true],"vantage-grid-loop":["https:\/\/www.agriculturayganaderia.com\/wp-content\/uploads\/2026\/03\/0016-Gallinas-en-patio-800-436x272.jpg",436,272,true]},"author_info":{"display_name":"Agricultura y Ganader\u00eda","author_link":"https:\/\/www.agriculturayganaderia.com\/?author=1"},"category_info":"<a href=\"https:\/\/www.agriculturayganaderia.com\/?cat=33\" rel=\"category\">AVICULTURA<\/a>","tag_info":"AVICULTURA","comment_count":"0","_links":{"self":[{"href":"https:\/\/www.agriculturayganaderia.com\/index.php?rest_route=\/wp\/v2\/posts\/9896","targetHints":{"allow":["GET"]}}],"collection":[{"href":"https:\/\/www.agriculturayganaderia.com\/index.php?rest_route=\/wp\/v2\/posts"}],"about":[{"href":"https:\/\/www.agriculturayganaderia.com\/index.php?rest_route=\/wp\/v2\/types\/post"}],"author":[{"embeddable":true,"href":"https:\/\/www.agriculturayganaderia.com\/index.php?rest_route=\/wp\/v2\/users\/1"}],"replies":[{"embeddable":true,"href":"https:\/\/www.agriculturayganaderia.com\/index.php?rest_route=%2Fwp%2Fv2%2Fcomments&post=9896"}],"version-history":[{"count":1,"href":"https:\/\/www.agriculturayganaderia.com\/index.php?rest_route=\/wp\/v2\/posts\/9896\/revisions"}],"predecessor-version":[{"id":9898,"href":"https:\/\/www.agriculturayganaderia.com\/index.php?rest_route=\/wp\/v2\/posts\/9896\/revisions\/9898"}],"wp:featuredmedia":[{"embeddable":true,"href":"https:\/\/www.agriculturayganaderia.com\/index.php?rest_route=\/wp\/v2\/media\/9897"}],"wp:attachment":[{"href":"https:\/\/www.agriculturayganaderia.com\/index.php?rest_route=%2Fwp%2Fv2%2Fmedia&parent=9896"}],"wp:term":[{"taxonomy":"category","embeddable":true,"href":"https:\/\/www.agriculturayganaderia.com\/index.php?rest_route=%2Fwp%2Fv2%2Fcategories&post=9896"},{"taxonomy":"post_tag","embeddable":true,"href":"https:\/\/www.agriculturayganaderia.com\/index.php?rest_route=%2Fwp%2Fv2%2Ftags&post=9896"}],"curies":[{"name":"wp","href":"https:\/\/api.w.org\/{rel}","templated":true}]}}