{"id":9991,"date":"2026-03-18T23:11:47","date_gmt":"2026-03-18T23:11:47","guid":{"rendered":"https:\/\/www.agriculturayganaderia.com\/?p=9991"},"modified":"2026-03-18T23:11:49","modified_gmt":"2026-03-18T23:11:49","slug":"fedegan-y-nissan-establecen-alianza-de-comercializacion-preferencial-para-ganaderos","status":"publish","type":"post","link":"https:\/\/www.agriculturayganaderia.com\/?p=9991","title":{"rendered":"Fedeg\u00e1n y Nissan establecen alianza de comercializaci\u00f3n preferencial para ganaderos"},"content":{"rendered":"\n<p><strong>* Nissan entreg\u00f3 a la Federaci\u00f3n Colombiana de Ganaderos un automotor que ser\u00e1 el veh\u00edculo oficial del convenio. Se trata de una camioneta doble cabina Frontier con significativa reducci\u00f3n de gases y part\u00edculas contaminantes (ecol\u00f3gica) y que los ganaderos ver\u00e1n en los eventos pecuarios m\u00e1s importantes del pa\u00eds.<\/strong><\/p>\n\n\n\n<p><strong><em>Agricultura &amp; Ganader\u00eda<\/em><\/strong><\/p>\n\n\n\n<p>(Fedeg\u00e1n \u2013 Mi\u00e9rcoles 18 de marzo de 2026).- . La Federaci\u00f3n Colombiana de Ganaderos (Fedeg\u00e1n), pensando siempre en el bienestar del ganadero y del gremio de productores en general, acaba de realizar la alianza \u201cFuerza en el Campo\u201d, con la distribuidora de automotores Dinissan, que re\u00fane condiciones de comercializaci\u00f3n preferenciales para los productores de este importante sector de la econom\u00eda a nivel nacional.<\/p>\n\n\n\n<p>Jos\u00e9 F\u00e9lix Lafaurie Rivera, presidente ejecutivo de Fedeg\u00e1n, afirm\u00f3 que \u201cel objetivo de esta iniciativa es suministrar herramientas \u00fatiles y necesarias para facilitar y promover el \u00f3ptimo desarrollo de la actividad bovina en el pa\u00eds. Fedeg\u00e1n tiene 62 a\u00f1os de servicios y su gran pilar estrat\u00e9gico es velar por el mejoramiento permanente de la calidad de vida de los ganaderos del pa\u00eds\u201d.<\/p>\n\n\n\n<p>Invit\u00f3 a los ganaderos de todos los rincones del territorio colombiano a acercarse a las distribuidoras regionales de Nissan y conocer las condiciones especiales de comercializaci\u00f3n de los diferentes modelos de veh\u00edculos a los cuales pueden tener acceso.<\/p>\n\n\n\n<p>\u201cLos ganaderos se pueden identificar mostrando el documento del Registro \u00danico de Vacunaci\u00f3n, RUV, para que sepan que son productores activos en la actividad ganadera bovina del pa\u00eds\u201d, resalt\u00f3.<\/p>\n\n\n\n<p class=\"has-text-align-center\"><strong>Movilidad sostenible en el campo<\/strong><\/p>\n\n\n\n<p>Por su parte, Jaime Rafael Daza Almendrales, secretario general de Fedeg\u00e1n, consider\u00f3 que son automotores de gran eficiencia y utilidad para el desarrollo de la actividad ganadera. \u201cSabemos que la alianza entre Fedeg\u00e1n y Nissan, durante el a\u00f1o 2026, ser\u00e1 beneficiosa para el desarrollo de este importante rengl\u00f3n productivo de la econom\u00eda nacional que aporta el 1,4 por ciento a la canasta de bienes y servicios del pa\u00eds a trav\u00e9s del Producto Interno Bruto (PIB) anual\u201d.<\/p>\n\n\n\n<p>\u201cLa eficiencia de estas herramientas de trabajo es comprobada y estoy plenamente seguro de que los beneficios para las partes estar\u00e1n en la palestra nacional. Es grato dar a conocer la alianza entre dos organizaciones que tienen experiencia de m\u00e1s de seis d\u00e9cadas -cada una- al servicio de los colombianos y, especialmente, para la poblaci\u00f3n rural del pa\u00eds\u201d, agreg\u00f3.<\/p>\n\n\n\n<p>Y expres\u00f3 que tiene \u201cla plena certeza que la alianza redundar\u00e1 en muchos beneficios entre las dos partes, tanto para los ganaderos representados en Fedeg\u00e1n como para la distribuidora Nissan\u201d, dijo Daza Almendrales.<\/p>\n\n\n\n<p class=\"has-text-align-center\"><strong>Los l\u00edderes se unen<\/strong><\/p>\n\n\n\n<p>Hace m\u00e1s de seis d\u00e9cadas la organizaci\u00f3n Dinissan encontr\u00f3 que en la calidad de sus automotores estaba la respuesta para transitar por la dif\u00edcil topograf\u00eda de Colombia.<\/p>\n\n\n\n<p>\u201cLlevamos m\u00e1s de 65 a\u00f1os contribuyendo con automotores propicios para las zonas de dif\u00edcil movilizaci\u00f3n en el campo colombiano. Originalmente con el Nissan Patrol y hoy en d\u00eda con la camioneta doble cabina Frontier\u201d, manifest\u00f3, Ricardo Toro, gerente nacional de ventas de la distribuidora Nissan en Colombia.<\/p>\n\n\n\n<p>Como alto ejecutivo del pa\u00eds es un seguidor del prop\u00f3sito de la uni\u00f3n. \u201cCreemos que los l\u00edderes deben unirse para hacer cosas mejores por el pa\u00eds. Nissan tiene una gran cobertura nacional y nos pusimos a buscar un posible aliado que tuviera caracter\u00edsticas similares de cobertura, tradici\u00f3n y, asimismo, que representara al sector rural y fuera referente en el campo colombiano y, en ese sentido, encontramos que no hay nadie mejor que Fedeg\u00e1n\u201d, agreg\u00f3.<\/p>\n\n\n\n<p>\u201cQueremos hacer extensible a todos los miembros de este importante gremio ganadero, una serie de beneficios que esperamos los disfruten al tener acceso a la tecnolog\u00eda Nissan\u201d, puntualiz\u00f3.<\/p>\n\n\n\n<p class=\"has-text-align-center\"><strong>Veh\u00edculo oficial<\/strong><\/p>\n\n\n\n<p>En aras del desarrollo de la alianza, Dinissan entreg\u00f3 a Fedeg\u00e1n un automotor que ser\u00e1 el veh\u00edculo oficial del convenio. Se trata de una camioneta doble cabina Frontier, cuyas emisiones de carbono son m\u00ednimas y que los ganaderos ver\u00e1n en los eventos del sector en todo el pa\u00eds.<\/p>\n\n\n\n<p>\u201cDinissan acompa\u00f1ar\u00e1 a Fedeg\u00e1n en los eventos ganaderos m\u00e1s relevantes a nivel nacional\u201d, manifest\u00f3 Arturo Garz\u00f3n, director de convenios Nissan, y enfatiz\u00f3 en que la alianza estar\u00e1 vigente durante el a\u00f1o 2026 inicialmente, con miras a que sea una relaci\u00f3n m\u00e1s duradera.<\/p>\n\n\n\n<p>Y concluy\u00f3: \u201cAsimismo, se ofrecer\u00e1 apoyo log\u00edstico con veh\u00edculos Nissan en la mayor\u00eda de los eventos gremiales de la Federaci\u00f3n\u201d.<\/p>\n","protected":false},"excerpt":{"rendered":"<p>* Nissan entreg\u00f3 a la Federaci\u00f3n Colombiana de Ganaderos un automotor que ser\u00e1 el veh\u00edculo oficial del convenio. Se trata de una camioneta doble cabina Frontier con significativa reducci\u00f3n de gases y part\u00edculas contaminantes (ecol\u00f3gica) y que los ganaderos ver\u00e1n en los eventos pecuarios m\u00e1s importantes del pa\u00eds. Agricultura &amp; Ganader\u00eda (Fedeg\u00e1n \u2013 Mi\u00e9rcoles 18 [&hellip;]<\/p>\n","protected":false},"author":1,"featured_media":9992,"comment_status":"closed","ping_status":"closed","sticky":false,"template":"","format":"standard","meta":{"footnotes":""},"categories":[39],"tags":[],"class_list":{"0":"post-9991","1":"post","2":"type-post","3":"status-publish","4":"format-standard","5":"has-post-thumbnail","6":"hentry","7":"category-panorama","9":"post-with-thumbnail","10":"post-with-thumbnail-large"},"featured_image_urls":{"full":["https:\/\/www.agriculturayganaderia.com\/wp-content\/uploads\/2026\/03\/18-Fedegan-y-Nissa-800.jpg",800,450,false],"thumbnail":["https:\/\/www.agriculturayganaderia.com\/wp-content\/uploads\/2026\/03\/18-Fedegan-y-Nissa-800-150x150.jpg",150,150,true],"medium":["https:\/\/www.agriculturayganaderia.com\/wp-content\/uploads\/2026\/03\/18-Fedegan-y-Nissa-800-300x169.jpg",300,169,true],"medium_large":["https:\/\/www.agriculturayganaderia.com\/wp-content\/uploads\/2026\/03\/18-Fedegan-y-Nissa-800-768x432.jpg",720,405,true],"large":["https:\/\/www.agriculturayganaderia.com\/wp-content\/uploads\/2026\/03\/18-Fedegan-y-Nissa-800.jpg",720,405,false],"1536x1536":["https:\/\/www.agriculturayganaderia.com\/wp-content\/uploads\/2026\/03\/18-Fedegan-y-Nissa-800.jpg",800,450,false],"2048x2048":["https:\/\/www.agriculturayganaderia.com\/wp-content\/uploads\/2026\/03\/18-Fedegan-y-Nissa-800.jpg",800,450,false],"post-thumbnail":["https:\/\/www.agriculturayganaderia.com\/wp-content\/uploads\/2026\/03\/18-Fedegan-y-Nissa-800-720x380.jpg",720,380,true],"vantage-thumbnail-no-sidebar":["https:\/\/www.agriculturayganaderia.com\/wp-content\/uploads\/2026\/03\/18-Fedegan-y-Nissa-800-800x380.jpg",800,380,true],"vantage-slide":["https:\/\/www.agriculturayganaderia.com\/wp-content\/uploads\/2026\/03\/18-Fedegan-y-Nissa-800.jpg",800,450,false],"vantage-carousel":["https:\/\/www.agriculturayganaderia.com\/wp-content\/uploads\/2026\/03\/18-Fedegan-y-Nissa-800-272x182.jpg",272,182,true],"vantage-grid-loop":["https:\/\/www.agriculturayganaderia.com\/wp-content\/uploads\/2026\/03\/18-Fedegan-y-Nissa-800-436x272.jpg",436,272,true]},"author_info":{"display_name":"Agricultura y Ganader\u00eda","author_link":"https:\/\/www.agriculturayganaderia.com\/?author=1"},"category_info":"<a href=\"https:\/\/www.agriculturayganaderia.com\/?cat=39\" rel=\"category\">PANORAMA<\/a>","tag_info":"PANORAMA","comment_count":"0","_links":{"self":[{"href":"https:\/\/www.agriculturayganaderia.com\/index.php?rest_route=\/wp\/v2\/posts\/9991","targetHints":{"allow":["GET"]}}],"collection":[{"href":"https:\/\/www.agriculturayganaderia.com\/index.php?rest_route=\/wp\/v2\/posts"}],"about":[{"href":"https:\/\/www.agriculturayganaderia.com\/index.php?rest_route=\/wp\/v2\/types\/post"}],"author":[{"embeddable":true,"href":"https:\/\/www.agriculturayganaderia.com\/index.php?rest_route=\/wp\/v2\/users\/1"}],"replies":[{"embeddable":true,"href":"https:\/\/www.agriculturayganaderia.com\/index.php?rest_route=%2Fwp%2Fv2%2Fcomments&post=9991"}],"version-history":[{"count":1,"href":"https:\/\/www.agriculturayganaderia.com\/index.php?rest_route=\/wp\/v2\/posts\/9991\/revisions"}],"predecessor-version":[{"id":9993,"href":"https:\/\/www.agriculturayganaderia.com\/index.php?rest_route=\/wp\/v2\/posts\/9991\/revisions\/9993"}],"wp:featuredmedia":[{"embeddable":true,"href":"https:\/\/www.agriculturayganaderia.com\/index.php?rest_route=\/wp\/v2\/media\/9992"}],"wp:attachment":[{"href":"https:\/\/www.agriculturayganaderia.com\/index.php?rest_route=%2Fwp%2Fv2%2Fmedia&parent=9991"}],"wp:term":[{"taxonomy":"category","embeddable":true,"href":"https:\/\/www.agriculturayganaderia.com\/index.php?rest_route=%2Fwp%2Fv2%2Fcategories&post=9991"},{"taxonomy":"post_tag","embeddable":true,"href":"https:\/\/www.agriculturayganaderia.com\/index.php?rest_route=%2Fwp%2Fv2%2Ftags&post=9991"}],"curies":[{"name":"wp","href":"https:\/\/api.w.org\/{rel}","templated":true}]}}